{"id":4833,"date":"2024-08-08T21:46:40","date_gmt":"2024-08-08T20:46:40","guid":{"rendered":"https:\/\/nomadeculturale.com\/quartieri-di-lisbona-da-vedere\/"},"modified":"2025-04-07T11:22:57","modified_gmt":"2025-04-07T10:22:57","slug":"barrios-de-lisboa-para-visitar","status":"publish","type":"post","link":"https:\/\/nomadeculturale.com\/es\/barrios-de-lisboa-para-visitar\/","title":{"rendered":"10 Mejores Barrios de Lisboa para Visitar: Zonas mas Bonitas 2025"},"content":{"rendered":"\n<p>\u00bfTe preguntas cu\u00e1les son los <strong>barrios que no te puedes perder en Lisboa<\/strong>? \u00bfCu\u00e1les son los m\u00e1s <strong>bonitos e interesantes<\/strong> para visitar?<\/p>\n\n\n\n<p>\u00a1Entonces has llegado al sitio adecuado!<\/p>\n\n\n\n<p>En esta gu\u00eda te cuento todo sobre los 10 barrios imprescindibles de la capital portuguesa, contados desde la experiencia de alguien que ha vivido en Lisboa y vuelve cada a\u00f1o.<\/p>\n\n\n\n<p>Aqu\u00ed tienes un adelanto de lo que vas a encontrar en esta entrada:<\/p>\n\n\n\n<ul class=\"wp-block-list\">\n<li>un <strong>mapa<\/strong> con todos los barrios m\u00e1s bonitos de Lisboa<\/li>\n\n\n\n<li><strong>curiosidades e informaci\u00f3n hist\u00f3rica<\/strong> de cada zona<\/li>\n\n\n\n<li>una lista con las <strong>principales atracciones<\/strong> de cada barrio<\/li>\n\n\n\n<li><strong>c\u00f3mo llegar<\/strong> f\u00e1cilmente a cada uno de ellos<\/li>\n<\/ul>\n\n\n\n<p>\u00bfListo\/a para enamorarte de Lisboa barrio a barrio? \u00a1Pues vamos all\u00e1!<\/p>\n\n\n\n<h2 class=\"wp-block-heading\"><strong>Mapa de los barrios de Lisboa para visitar<\/strong><\/h2>\n\n\n\n<p>Para comenzar, aqu\u00ed tienes un <strong>mapa con los barrios que visitar en Lisboa<\/strong> de los que hablo en detalle en este art\u00edculo:<\/p>\n\n\n\n<iframe loading=\"lazy\" src=\"https:\/\/www.google.com\/maps\/d\/u\/0\/embed?mid=17X6sfjbsU2QMpwwXGopyHFUkHxPxAsc&#038;ehbc=2E312F&#038;noprof=1\" width=\"640\" height=\"480\"><\/iframe>\n\n\n\n<ol class=\"wp-block-list\">\n<li><strong>Baixa<\/strong><\/li>\n\n\n\n<li><strong>Alfama<\/strong><\/li>\n\n\n\n<li><strong>Chiado<\/strong><\/li>\n\n\n\n<li><strong>Barrio Alto<\/strong><\/li>\n\n\n\n<li><strong>Bel\u00e9m<\/strong><\/li>\n\n\n\n<li><strong>Parque das Na\u00e7\u00f5es<\/strong><\/li>\n\n\n\n<li><strong>Cais do Sodr\u00e9<\/strong><\/li>\n\n\n\n<li><strong>Alc\u00e3ntara<\/strong><\/li>\n\n\n\n<li><strong>Pr\u00edncipe Real<\/strong><\/li>\n\n\n\n<li><strong>Ajuda<\/strong><\/li>\n<\/ol>\n\n\n\n<h3 class=\"wp-block-heading\"><strong>Baixa, el barrio m\u00e1s c\u00e9ntrico de Lisboa<\/strong><\/h3>\n\n\n\n<figure class=\"wp-block-image size-large\"><img loading=\"lazy\" decoding=\"async\" width=\"1024\" height=\"768\" src=\"https:\/\/nomadeculturale.com\/wp-content\/uploads\/2024\/08\/Barrio-Baixa-uno-de-los-mejores-barrios-de-Lisboa-para-visitar-1024x768.jpg\" alt=\"Barrio Baixa, uno de los mejores barrios de Lisboa para visitar\" class=\"wp-image-4869\" srcset=\"https:\/\/nomadeculturale.com\/wp-content\/uploads\/2024\/08\/Barrio-Baixa-uno-de-los-mejores-barrios-de-Lisboa-para-visitar-1024x768.jpg 1024w, https:\/\/nomadeculturale.com\/wp-content\/uploads\/2024\/08\/Barrio-Baixa-uno-de-los-mejores-barrios-de-Lisboa-para-visitar-300x225.jpg 300w, https:\/\/nomadeculturale.com\/wp-content\/uploads\/2024\/08\/Barrio-Baixa-uno-de-los-mejores-barrios-de-Lisboa-para-visitar-768x576.jpg 768w, https:\/\/nomadeculturale.com\/wp-content\/uploads\/2024\/08\/Barrio-Baixa-uno-de-los-mejores-barrios-de-Lisboa-para-visitar-1536x1152.jpg 1536w, https:\/\/nomadeculturale.com\/wp-content\/uploads\/2024\/08\/Barrio-Baixa-uno-de-los-mejores-barrios-de-Lisboa-para-visitar.jpg 1600w\" sizes=\"auto, (max-width: 1024px) 100vw, 1024px\" \/><\/figure>\n\n\n\n<p>Empezamos por uno de los barrios m\u00e1s emblem\u00e1ticos y visitados de la ciudad: \u00a1la Baixa!<\/p>\n\n\n\n<p>Es el <strong>centro neur\u00e1lgico de Lisboa<\/strong>, y se extiende desde la impresionante Pra\u00e7a do Com\u00e9rcio, a orillas del Tajo, hasta la animada Pra\u00e7a Dom Pedro IV, tambi\u00e9n conocida como Rossio.<\/p>\n\n\n\n<p>\u00bfPor qu\u00e9 es famoso este barrio?<\/p>\n\n\n\n<p>La Baixa es conocida, entre otras cosas, por el devastador terremoto de 1755, que arras\u00f3 casi por completo esta parte de la ciudad y provoc\u00f3 la muerte de un tercio de la poblaci\u00f3n.<\/p>\n\n\n\n<p>Tras la tragedia, el Marqu\u00e9s de Pombal lider\u00f3 una ambiciosa reconstrucci\u00f3n del barrio, dise\u00f1ando una cuadr\u00edcula de calles amplias y rectas, flanqueadas por edificios uniformes. Este estilo, conocido como <strong>\u00abpombalino\u00bb<\/strong>, es considerado el primer ejemplo de arquitectura antis\u00edsmica en Europa.<\/p>\n\n\n\n<p>\u00bfCu\u00e1les son las principales atracciones de la zona?<\/p>\n\n\n\n<ul class=\"wp-block-list\">\n<li><strong>Pra\u00e7a do Com\u00e9rcio<\/strong>: es la plaza m\u00e1s grande y famosa de Lisboa. Abierta al r\u00edo y rodeada por edificios sim\u00e9tricos construidos tras el terremoto.<\/li>\n\n\n\n<li><strong>Rua Augusta<\/strong>: famosa calle peatonal flanqueada por tiendas y caf\u00e9s, que conecta la Pra\u00e7a do Com\u00e9rcio con Rossio.<\/li>\n\n\n\n<li><strong>Elevador de Santa Justa<\/strong>: un espectacular ascensor de hierro forjado de 1902 que ofrece una impresionante vista de toda la Baixa.<\/li>\n\n\n\n<li><strong>Pra\u00e7a Dom Pedro IV (Rossio)<\/strong>: otra plaza muy famosa, situada al final de la Rua Augusta. Famosa por su pavimento ondulado en blanco y negro, t\u00edpico de la cal\u00e7ada portuguesa, y por la gran estatua de unos 27 metros dedicada a Pedro IV de Portugal.<\/li>\n\n\n\n<li><strong>Igreja de S\u00e3o Domingos<\/strong>: una de las iglesias m\u00e1s emblem\u00e1ticas e hist\u00f3ricamente significativas de Lisboa. La iglesia tiene un pasado controvertido relacionado con la Inquisici\u00f3n. Era el punto de partida para los condenados por herej\u00eda que luego eran ejecutados en la cercana Plaza Rossio. Adem\u00e1s, fue el escenario de la terrible masacre de jud\u00edos de 1506.<\/li>\n\n\n\n<li><strong>Arco da Rua Augusta<\/strong>: Arco triunfal que marca la entrada a la Rua Augusta, con una terraza panor\u00e1mica en la cima (<a href=\"https:\/\/www.civitatis.com\/es\/lisboa\/entrada-arco-rua-augusta\/?aid=13436&amp;cmp=nomade_lisboa_barrios_post\" target=\"_blank\" rel=\"noreferrer noopener nofollow\"><strong>aqu\u00ed puedes encontrar las entradas<\/strong><\/a>).<\/li>\n<\/ul>\n\n\n\n<p><strong>\u00bfC\u00f3mo llegar a la Baixa?<\/strong><\/p>\n\n\n\n<p>Para llegar al barrio, se pueden utilizar varios medios de transporte p\u00fablico. El metro sirve al barrio a trav\u00e9s de las estaciones de <strong>Baixa-Chiado<\/strong> (l\u00edneas azul y verde) y <strong>Rossio<\/strong> (l\u00ednea verde). Adem\u00e1s, numerosos autobuses y tranv\u00edas atraviesan la zona, incluido el famoso tranv\u00eda 28. <\/p>\n\n\n\n<p>El barrio tambi\u00e9n es f\u00e1cilmente accesible a pie desde las zonas circundantes como Chiado, Alfama y Bairro Alto.<\/p>\n\n\n\n<p><strong>\u00bfQuieres alojarte en la Baixa?<\/strong> Sin duda, es la mejor zona para quienes visitan la ciudad por primera vez. Puede ser adecuada para todos: familias, parejas, grupos de amigos y viajeros solitarios.<\/p>\n\n\n\n<p>Aqu\u00ed tienes los alojamientos que te recomiendo:<\/p>\n\n\n\n<ul class=\"wp-block-list\">\n<li><strong>Econ\u00f3mico: <a href=\"https:\/\/www.booking.com\/hotel\/pt\/beach-destination-hostel.es.html?aid=2290770&amp;no_rooms=1&amp;group_adults=2&amp;label=nomade_lisboa_barrios_post\" target=\"_blank\" rel=\"noreferrer noopener nofollow\">Sunset Destination Hostel<\/a><\/strong><\/li>\n\n\n\n<li><strong>Gama media: <a href=\"https:\/\/www.booking.com\/hotel\/pt\/esqina-baixa-urban-lodge.es.html?aid=2290770&amp;no_rooms=1&amp;group_adults=2&amp;label=nomade_lisboa_barrios_post\" target=\"_blank\" rel=\"noreferrer noopener nofollow\">Esqina Urban Lodge<\/a><\/strong><\/li>\n\n\n\n<li><strong>Lujoso: <a href=\"https:\/\/www.booking.com\/hotel\/pt\/corpo-santo.es.html?aid=2290770&amp;no_rooms=1&amp;group_adults=2&amp;label=nomade_lisboa_barrios_post\" target=\"_blank\" rel=\"noreferrer noopener nofollow\">Corpo Santo Lisbon Historical Hotel<\/a><\/strong><\/li>\n<\/ul>\n\n\n<style>.kadence-column4833_5db151-2e > .kt-inside-inner-col{padding-top:var(--global-kb-spacing-xs, 1rem);padding-right:var(--global-kb-spacing-xs, 1rem);padding-bottom:var(--global-kb-spacing-xs, 1rem);padding-left:var(--global-kb-spacing-xs, 1rem);}.kadence-column4833_5db151-2e > .kt-inside-inner-col,.kadence-column4833_5db151-2e > .kt-inside-inner-col:before{border-top-left-radius:0px;border-top-right-radius:0px;border-bottom-right-radius:0px;border-bottom-left-radius:0px;}.kadence-column4833_5db151-2e > .kt-inside-inner-col{column-gap:var(--global-kb-gap-sm, 1rem);}.kadence-column4833_5db151-2e > .kt-inside-inner-col{flex-direction:column;}.kadence-column4833_5db151-2e > .kt-inside-inner-col > .aligncenter{width:100%;}.kadence-column4833_5db151-2e > .kt-inside-inner-col{background-color:rgba(255, 188, 64, 0.15);}.kadence-column4833_5db151-2e > .kt-inside-inner-col:before{opacity:0.3;}.kadence-column4833_5db151-2e{position:relative;}.kadence-column4833_5db151-2e, .kt-inside-inner-col > .kadence-column4833_5db151-2e:not(.specificity){margin-top:var(--global-kb-spacing-xxs, 0.5rem);margin-bottom:var(--global-kb-spacing-xs, 1rem);}@media all and (max-width: 1024px){.kadence-column4833_5db151-2e > .kt-inside-inner-col{flex-direction:column;justify-content:center;}}@media all and (max-width: 767px){.kadence-column4833_5db151-2e > .kt-inside-inner-col{flex-direction:column;justify-content:center;}}<\/style>\n<div class=\"wp-block-kadence-column kadence-column4833_5db151-2e\"><div class=\"kt-inside-inner-col\">\n<p class=\"has-medium-font-size\"><em><strong>\u00bfQuieres saber m\u00e1s sobre este barrio?<\/strong> He escrito una gu\u00eda completa: <strong><a href=\"\/es\/?p=4818\" data-type=\"link\" data-id=\"https:\/\/nomadeculturale.com\/es\/barrio-baixa-lisboa-que-ver\/\" target=\"_blank\" rel=\"noreferrer noopener\">Qu\u00e9 ver en el barrio de la Baixa en Lisboa<\/a>.<\/strong><\/em><\/p>\n<\/div><\/div>\n\n\n\n<h3 class=\"wp-block-heading\"><strong>Alfama, entre fado y vistas impresionantes<\/strong><\/h3>\n\n\n\n<figure class=\"wp-block-image size-large\"><img loading=\"lazy\" decoding=\"async\" width=\"1024\" height=\"768\" src=\"https:\/\/nomadeculturale.com\/wp-content\/uploads\/2024\/08\/Barrio-de-Alfama-uno-de-los-barrio-de-Lisboa-para-visitar-1024x768.jpg\" alt=\"Barrio de Alfama, uno de los barrio de Lisboa para visitar\" class=\"wp-image-4848\" srcset=\"https:\/\/nomadeculturale.com\/wp-content\/uploads\/2024\/08\/Barrio-de-Alfama-uno-de-los-barrio-de-Lisboa-para-visitar-1024x768.jpg 1024w, https:\/\/nomadeculturale.com\/wp-content\/uploads\/2024\/08\/Barrio-de-Alfama-uno-de-los-barrio-de-Lisboa-para-visitar-300x225.jpg 300w, https:\/\/nomadeculturale.com\/wp-content\/uploads\/2024\/08\/Barrio-de-Alfama-uno-de-los-barrio-de-Lisboa-para-visitar-768x576.jpg 768w, https:\/\/nomadeculturale.com\/wp-content\/uploads\/2024\/08\/Barrio-de-Alfama-uno-de-los-barrio-de-Lisboa-para-visitar-1536x1152.jpg 1536w, https:\/\/nomadeculturale.com\/wp-content\/uploads\/2024\/08\/Barrio-de-Alfama-uno-de-los-barrio-de-Lisboa-para-visitar.jpg 1600w\" sizes=\"auto, (max-width: 1024px) 100vw, 1024px\" \/><\/figure>\n\n\n\n<p>Otro de los barrios de Lisboa para visitar es Alfama. Es el barrio m\u00e1s antiguo de la ciudad, situado en una colina y caracterizado por un intrincado laberinto de callejuelas estrechas y empinadas que serpentean por la colina que domina el r\u00edo Tajo.<\/p>\n\n\n\n<p>Es la zona m\u00e1s pintoresca de la capital portuguesa, y es conocida por su atm\u00f3sfera aut\u00e9ntica y por su profundo v\u00ednculo con el fado.<\/p>\n\n\n\n<p><strong>\u00bfQu\u00e9 es el fado?<\/strong> Es un g\u00e9nero que tiene sus ra\u00edces en los barrios populares de la Lisboa del siglo XVIII. Las melod\u00edas del fado, impregnadas de melancol\u00eda y pasi\u00f3n, narran historias de amor no correspondido, destino adverso y vida cotidiana. En 2011 recibi\u00f3 el reconocimiento como Patrimonio Cultural Inmaterial de la Humanidad por parte de la UNESCO.<\/p>\n\n\n\n<p>Pero Alfama no es solo m\u00fasica. Su historia se remonta a la \u00e9poca romana, aunque fueron los moros quienes dejaron una huella m\u00e1s profunda al construir una ciudadela y, m\u00e1s tarde, el emblem\u00e1tico <strong>Castelo de S\u00e3o Jorge<\/strong> a partir del siglo VIII.<\/p>\n\n\n\n<p><strong>Curiosidad<\/strong>: Alfama es una de las pocas zonas que se salvaron durante el terremoto de 1755, gracias a sus s\u00f3lidos cimientos rocosos.<\/p>\n\n\n\n<p>\u00bfCu\u00e1les son las principales atracciones del barrio?<\/p>\n\n\n\n<ul class=\"wp-block-list\">\n<li><strong>Castillo de S\u00e3o Jorge<\/strong>: antigua fortaleza construida inicialmente por los \u00e1rabes y luego ampliada tras la reconquista cristiana. Ofrece vistas impresionantes de Lisboa.<\/li>\n\n\n\n<li><strong>Catedral de Lisboa<\/strong> (S\u00e9 de Lisboa): Imponente iglesia rom\u00e1nica, la m\u00e1s antigua e importante de la ciudad (<a href=\"https:\/\/www.getyourguide.es\/lisboa-l42\/lisboa-entrada-catedral-de-lisboa-t451666\/?partner_id=KC753P7&amp;utm_medium=online_publisher&amp;cmp=nomade_lisboa_barrios_post\" target=\"_blank\" rel=\"noreferrer noopener nofollow\"><strong>aqu\u00ed puedes encontrar las entradas<\/strong><\/a>).<\/li>\n\n\n\n<li><strong>Miradouro das Portas do Sol<\/strong>: terraza panor\u00e1mica que regala vistas espectaculares sobre Alfama y el r\u00edo Tajo.<\/li>\n\n\n\n<li><strong>Miradouro de Santa Luzia<\/strong>: otra terraza panor\u00e1mica muy famosa y con una vista similar, considerada la m\u00e1s rom\u00e1ntica de Lisboa.<\/li>\n\n\n\n<li><strong>Iglesia de Santo Ant\u00f3nio<\/strong>: dedicada al santo patr\u00f3n de Lisboa y construida en el lugar de su supuesta casa natal.<\/li>\n\n\n\n<li><strong>Museo del Fado<\/strong>: espacio expositivo que celebra la historia y la importancia cultural de este g\u00e9nero musical tan querido por los portugueses.<\/li>\n<\/ul>\n\n\n\n<p><strong>\u00bfC\u00f3mo llegar al barrio de Alfama?<\/strong><\/p>\n\n\n\n<p>Alfama est\u00e1 en lo alto de una colina, as\u00ed que prep\u00e1rate para subir&#8230; o deja que el transporte p\u00fablico lo haga por ti.<\/p>\n\n\n\n<ul class=\"wp-block-list\">\n<li>El barrio est\u00e1 servido por el famoso <strong>tranv\u00eda 28<\/strong>, uno de los pocos medios capaces de serpentear por las callejuelas de Alfama. Tambi\u00e9n el <strong>tranv\u00eda 12<\/strong> sirve la zona con un recorrido similar.<\/li>\n\n\n\n<li>Adem\u00e1s, el <strong>metro<\/strong> sirve la zona con la estaci\u00f3n de Santa Apol\u00f3nia (l\u00ednea azul), situada al pie de la colina de Alfama. Desde aqu\u00ed, se puede continuar a pie o tomar un autob\u00fas para subir hacia el coraz\u00f3n del barrio.<\/li>\n<\/ul>\n\n\n\n<p><strong>\u00bfQuieres alojarte en Alfama?<\/strong> Como zona la recomiendo especialmente a las parejas y a quienes quieran alojarse en una zona pintoresca. No la recomiendo, en cambio, a las familias (es una zona de colinas).<\/p>\n\n\n\n<p>Aqu\u00ed tienes los alojamientos que te recomiendo:<\/p>\n\n\n\n<ul class=\"wp-block-list\">\n<li><strong>Econ\u00f3mico \u2013 <a href=\"https:\/\/www.booking.com\/hotel\/pt\/lisbon-experience-alfama.es.html?aid=2290770&amp;no_rooms=1&amp;group_adults=2&amp;label=nomade_lisboa_barrios_post\" target=\"_blank\" rel=\"noreferrer noopener nofollow\">Lisbon Best Choice Apartments Alfama<\/a><\/strong><\/li>\n\n\n\n<li><strong>Gama media \u2013 <a href=\"https:\/\/www.booking.com\/hotel\/pt\/sao-vicente-alfama.es.html?aid=2290770&amp;no_rooms=1&amp;group_adults=2&amp;label=nomade_lisboa_barrios_post\" target=\"_blank\" rel=\"noreferrer noopener nofollow\">Vincci Alfama<\/a><\/strong><\/li>\n\n\n\n<li><strong>Lujoso \u2013 <a href=\"https:\/\/www.booking.com\/hotel\/pt\/memmo-alfama.es.html?aid=2290770&amp;no_rooms=1&amp;group_adults=2&amp;label=nomade_lisboa_barrios_post\" target=\"_blank\" rel=\"noreferrer noopener nofollow\">Memmo Alfama Design Hotel<\/a><\/strong><\/li>\n<\/ul>\n\n\n<style>.kadence-column4833_200ee9-ab > .kt-inside-inner-col{padding-top:var(--global-kb-spacing-xs, 1rem);padding-right:var(--global-kb-spacing-xs, 1rem);padding-bottom:var(--global-kb-spacing-xs, 1rem);padding-left:var(--global-kb-spacing-xs, 1rem);}.kadence-column4833_200ee9-ab > .kt-inside-inner-col,.kadence-column4833_200ee9-ab > .kt-inside-inner-col:before{border-top-left-radius:0px;border-top-right-radius:0px;border-bottom-right-radius:0px;border-bottom-left-radius:0px;}.kadence-column4833_200ee9-ab > .kt-inside-inner-col{column-gap:var(--global-kb-gap-sm, 1rem);}.kadence-column4833_200ee9-ab > .kt-inside-inner-col{flex-direction:column;}.kadence-column4833_200ee9-ab > .kt-inside-inner-col > .aligncenter{width:100%;}.kadence-column4833_200ee9-ab > .kt-inside-inner-col{background-color:rgba(255, 188, 64, 0.15);}.kadence-column4833_200ee9-ab > .kt-inside-inner-col:before{opacity:0.3;}.kadence-column4833_200ee9-ab{position:relative;}.kadence-column4833_200ee9-ab, .kt-inside-inner-col > .kadence-column4833_200ee9-ab:not(.specificity){margin-top:var(--global-kb-spacing-xxs, 0.5rem);margin-bottom:var(--global-kb-spacing-xs, 1rem);}@media all and (max-width: 1024px){.kadence-column4833_200ee9-ab > .kt-inside-inner-col{flex-direction:column;justify-content:center;}}@media all and (max-width: 767px){.kadence-column4833_200ee9-ab > .kt-inside-inner-col{flex-direction:column;justify-content:center;}}<\/style>\n<div class=\"wp-block-kadence-column kadence-column4833_200ee9-ab\"><div class=\"kt-inside-inner-col\">\n<p class=\"has-medium-font-size\"><em><strong>\u00bfQuieres saber m\u00e1s sobre este barrio?<\/strong> He escrito una gu\u00eda completa: <strong><a href=\"\/es\/?p=4801\" data-type=\"link\" data-id=\"https:\/\/nomadeculturale.com\/es\/barrio-alfama-lisboa-que-ver\/\" target=\"_blank\" rel=\"noreferrer noopener\">Qu\u00e9 ver en el barrio de Alfama en Lisboa<\/a><\/strong><\/em><\/p>\n<\/div><\/div>\n\n\n\n<h3 class=\"wp-block-heading\"><strong>Chiado, el barrio elegante y literario de Lisboa<\/strong><\/h3>\n\n\n\n<figure class=\"wp-block-image size-large\"><img loading=\"lazy\" decoding=\"async\" width=\"1024\" height=\"768\" src=\"https:\/\/nomadeculturale.com\/wp-content\/uploads\/2024\/08\/Barrio-Chiado-Lisboa-1024x768.jpg\" alt=\"Barrio Chiado, Lisboa\" class=\"wp-image-4845\" srcset=\"https:\/\/nomadeculturale.com\/wp-content\/uploads\/2024\/08\/Barrio-Chiado-Lisboa-1024x768.jpg 1024w, https:\/\/nomadeculturale.com\/wp-content\/uploads\/2024\/08\/Barrio-Chiado-Lisboa-300x225.jpg 300w, https:\/\/nomadeculturale.com\/wp-content\/uploads\/2024\/08\/Barrio-Chiado-Lisboa-768x576.jpg 768w, https:\/\/nomadeculturale.com\/wp-content\/uploads\/2024\/08\/Barrio-Chiado-Lisboa-1536x1152.jpg 1536w, https:\/\/nomadeculturale.com\/wp-content\/uploads\/2024\/08\/Barrio-Chiado-Lisboa.jpg 1600w\" sizes=\"auto, (max-width: 1024px) 100vw, 1024px\" \/><\/figure>\n\n\n\n<p>\u00bfQu\u00e9 barrios visitar en Lisboa?<\/p>\n\n\n\n<p>A pocos pasos de la Baixa encontramos Chiado, uno de los <strong>mejores barrios de Lisboa<\/strong>, tambi\u00e9n muy c\u00e9ntrico pero, a diferencia del primero, situado en una zona de colinas y ligeramente inclinada.<\/p>\n\n\n\n<p>Chiado es el barrio literario e intelectual por excelencia, famoso por sus boutiques de lujo, caf\u00e9s hist\u00f3ricos, teatros y librer\u00edas. Fue, de hecho, el lugar de encuentro preferido por los intelectuales lisboetas entre los siglos XIX y XX. Estos se reun\u00edan a menudo en sus caf\u00e9s, uno de los m\u00e1s c\u00e9lebres es, por ejemplo, A Brasileira, donde en la terraza exterior podr\u00e1s admirar una estatua de Pessoa sentado en una de las mesas.<\/p>\n\n\n\n<p>Chiado tambi\u00e9n fue parcialmente reconstruido despu\u00e9s del terrible terremoto de 1755. Adem\u00e1s, en 1988, un incendio afect\u00f3 gravemente al barrio, da\u00f1ando muchos edificios hist\u00f3ricos.<\/p>\n\n\n\n<p>\u00bfQu\u00e9 ver en este barrio?<\/p>\n\n\n\n<ul class=\"wp-block-list\">\n<li><strong>Convento do Carmo<\/strong>: famoso por ser la \u00abiglesia sin techo de Lisboa\u00bb, es una de las iglesias m\u00e1s sugerentes y \u00abrom\u00e1nticas\u00bb que he tenido la oportunidad de visitar. En su interior alberga tambi\u00e9n un peque\u00f1o pero interesante museo arqueol\u00f3gico.<\/li>\n\n\n\n<li><strong>A Brasileira<\/strong>: como te he anticipado, se trata de un hist\u00f3rico caf\u00e9 literario, famoso por la estatua de bronce del poeta Fernando Pessoa sentada fuera.<\/li>\n\n\n\n<li><strong>Teatro Nacional de S\u00e3o Carlos<\/strong>: elegante teatro del siglo XVIII, inspirado en La Scala de Mil\u00e1n.<\/li>\n\n\n\n<li><strong>Livraria Bertrand<\/strong>: nada menos que la librer\u00eda m\u00e1s antigua del mundo a\u00fan en funcionamiento, fundada en el lejano 1732.<\/li>\n\n\n\n<li><strong>Museu Nacional de Arte Contempor\u00e2nea<\/strong>: alberga una amplia colecci\u00f3n de arte portugu\u00e9s desde el siglo XIX hasta la actualidad.<\/li>\n<\/ul>\n\n\n\n<p><strong>\u00bfC\u00f3mo llegar a Chiado?<\/strong><\/p>\n\n\n\n<p>Como te dec\u00eda, el barrio se encuentra ligeramente inclinado, en una zona de colinas. Para llegar, puedes tomar los siguientes medios:<\/p>\n\n\n\n<ul class=\"wp-block-list\">\n<li><strong>Elevador de Santa Justa<\/strong>: no solo una atracci\u00f3n sino tambi\u00e9n un importante medio de transporte para llegar a la parte alta del barrio de Chiado.<\/li>\n\n\n\n<li>El metro es sin duda el medio m\u00e1s pr\u00e1ctico. El barrio est\u00e1 servido por la estaci\u00f3n Baixa-Chiado, que conecta dos l\u00edneas, la verde y la azul.<\/li>\n\n\n\n<li>El <strong>tranv\u00eda 28<\/strong> sirve al barrio de Chiado.<\/li>\n<\/ul>\n\n\n\n<p><strong>\u00bfQuieres alojarte en Chiado?<\/strong> Es una de las zonas m\u00e1s c\u00e9ntricas de Lisboa. Puede ser adecuada especialmente para parejas y para quienes quieran alojarse en una zona elegante. Sin embargo, es ligeramente monta\u00f1oso (menos que Alfama), por lo que no es adecuado para quienes tienen problemas de movilidad y para familias con ni\u00f1os peque\u00f1os.<\/p>\n\n\n\n<p>Aqu\u00ed tienes los alojamientos que te recomiendo:<\/p>\n\n\n\n<ul class=\"wp-block-list\">\n<li><strong>Econ\u00f3mico \u2013 <a href=\"https:\/\/www.booking.com\/hotel\/pt\/lost-inn-lisbon-hostel.es.html?aid=2290770&amp;no_rooms=1&amp;group_adults=2&amp;label=nomade_lisboa_barrios_post\" target=\"_blank\" rel=\"noreferrer noopener nofollow\">Lost Inn<\/a><\/strong><\/li>\n\n\n\n<li><strong>Gama media \u2013 <a href=\"https:\/\/www.booking.com\/hotel\/pt\/monte-belvedere.es.html?aid=2290770&amp;no_rooms=1&amp;group_adults=2&amp;label=nomade_lisboa_barrios_post\" target=\"_blank\" rel=\"noreferrer noopener nofollow\">Monte Belvedere Hotel<\/a><\/strong><\/li>\n\n\n\n<li><strong>Lujoso \u2013 <a href=\"https:\/\/www.booking.com\/hotel\/pt\/verride-palacio-santa-catarina.es.html?aid=2290770&amp;no_rooms=1&amp;group_adults=2&amp;label=nomade_lisboa_barrios_post\" target=\"_blank\" rel=\"noreferrer noopener nofollow\">Verride Palacio Santa Catarina<\/a><\/strong><\/li>\n<\/ul>\n\n\n<style>.kadence-column4833_32dbaa-aa > .kt-inside-inner-col{padding-top:var(--global-kb-spacing-xs, 1rem);padding-right:var(--global-kb-spacing-xs, 1rem);padding-bottom:var(--global-kb-spacing-xs, 1rem);padding-left:var(--global-kb-spacing-xs, 1rem);}.kadence-column4833_32dbaa-aa > .kt-inside-inner-col,.kadence-column4833_32dbaa-aa > .kt-inside-inner-col:before{border-top-left-radius:0px;border-top-right-radius:0px;border-bottom-right-radius:0px;border-bottom-left-radius:0px;}.kadence-column4833_32dbaa-aa > .kt-inside-inner-col{column-gap:var(--global-kb-gap-sm, 1rem);}.kadence-column4833_32dbaa-aa > .kt-inside-inner-col{flex-direction:column;}.kadence-column4833_32dbaa-aa > .kt-inside-inner-col > .aligncenter{width:100%;}.kadence-column4833_32dbaa-aa > .kt-inside-inner-col{background-color:rgba(255, 188, 64, 0.15);}.kadence-column4833_32dbaa-aa > .kt-inside-inner-col:before{opacity:0.3;}.kadence-column4833_32dbaa-aa{position:relative;}.kadence-column4833_32dbaa-aa, .kt-inside-inner-col > .kadence-column4833_32dbaa-aa:not(.specificity){margin-top:var(--global-kb-spacing-xxs, 0.5rem);margin-bottom:var(--global-kb-spacing-xs, 1rem);}@media all and (max-width: 1024px){.kadence-column4833_32dbaa-aa > .kt-inside-inner-col{flex-direction:column;justify-content:center;}}@media all and (max-width: 767px){.kadence-column4833_32dbaa-aa > .kt-inside-inner-col{flex-direction:column;justify-content:center;}}<\/style>\n<div class=\"wp-block-kadence-column kadence-column4833_32dbaa-aa\"><div class=\"kt-inside-inner-col\">\n<p class=\"has-medium-font-size\"><em><strong>\u00bfQuieres saber m\u00e1s sobre esta zona de Lisboa?<\/strong> Lee mi gu\u00eda completa: <strong><a href=\"\/es\/?p=4788\" target=\"_blank\" rel=\"noreferrer noopener\">Qu\u00e9 ver en el barrio de Chiado en Lisboa<\/a><\/strong>.<\/em><\/p>\n<\/div><\/div>\n\n\n\n<h3 class=\"wp-block-heading\"><strong>Barrio Alto, para los amantes de la vida nocturna<\/strong><\/h3>\n\n\n\n<figure class=\"wp-block-image size-large\"><img loading=\"lazy\" decoding=\"async\" width=\"1024\" height=\"768\" src=\"https:\/\/nomadeculturale.com\/wp-content\/uploads\/2024\/08\/Barrio-Alto-de-Lisboa-una-de-las-zonas-mejores-para-visitar-1024x768.jpg\" alt=\"Barrio Alto de Lisboa, una de las zonas mejores para visitar\" class=\"wp-image-4866\" srcset=\"https:\/\/nomadeculturale.com\/wp-content\/uploads\/2024\/08\/Barrio-Alto-de-Lisboa-una-de-las-zonas-mejores-para-visitar-1024x768.jpg 1024w, https:\/\/nomadeculturale.com\/wp-content\/uploads\/2024\/08\/Barrio-Alto-de-Lisboa-una-de-las-zonas-mejores-para-visitar-300x225.jpg 300w, https:\/\/nomadeculturale.com\/wp-content\/uploads\/2024\/08\/Barrio-Alto-de-Lisboa-una-de-las-zonas-mejores-para-visitar-768x576.jpg 768w, https:\/\/nomadeculturale.com\/wp-content\/uploads\/2024\/08\/Barrio-Alto-de-Lisboa-una-de-las-zonas-mejores-para-visitar-1536x1152.jpg 1536w, https:\/\/nomadeculturale.com\/wp-content\/uploads\/2024\/08\/Barrio-Alto-de-Lisboa-una-de-las-zonas-mejores-para-visitar.jpg 1600w\" sizes=\"auto, (max-width: 1024px) 100vw, 1024px\" \/><\/figure>\n\n\n\n<p>\u00bfOtro barrio que no puede faltar en tu visita a Lisboa? Por supuesto, el <strong>Barrio Alto<\/strong>, uno de los <strong>mejores barrios de Lisboa<\/strong> para quienes buscan vida nocturna y diversi\u00f3n. <\/p>\n\n\n\n<p>Situado en una de las <strong>zonas de Lisboa<\/strong> m\u00e1s elevadas, es conocido sobre todo por su <strong>ambiente nocturno vibrante y desenfadado<\/strong>.<\/p>\n\n\n\n<p>Durante el d\u00eda, sus calles estrechas y empedradas son excelentes para comer en una de las muchas tascas que pueblan la zona, mientras que al caer el sol, el barrio es literalmente asaltado por miles de personas, j\u00f3venes y no tan j\u00f3venes, que se vuelcan en los bares, creando una atm\u00f3sfera animada y festiva.<\/p>\n\n\n\n<p>A nivel hist\u00f3rico, el barrio se remonta al siglo XVI, cuando la zona fue considerada para expandir la ciudad en fuerte crecimiento demogr\u00e1fico.<\/p>\n\n\n\n<p>A pesar del devastador terremoto de 1755, que destruy\u00f3 gran parte de Lisboa, el Bairro Alto permaneci\u00f3 casi intacto, gracias a su posici\u00f3n elevada que lo protegi\u00f3 del tsunami que sigui\u00f3 al se\u00edsmo.<\/p>\n\n\n\n<p>Adem\u00e1s de la vida nocturna, \u00bfqu\u00e9 hacer y ver en el Bairro Alto?<\/p>\n\n\n\n<ul class=\"wp-block-list\">\n<li><strong>Igreja de S\u00e3o Roque:<\/strong> iglesia del siglo XVI, con interiores ricamente decorados en estilo barroco y una capilla dedicada a San Juan Bautista.<\/li>\n\n\n\n<li><strong>Miradouro de S\u00e3o Pedro de Alc\u00e2ntara<\/strong>: una de las mejores terrazas panor\u00e1micas de Lisboa. Ofrece una vista impresionante de la colina de Alfama y, por tanto, del Castillo de S\u00e3o Jorge que se encuentra justo enfrente.<\/li>\n\n\n\n<li><strong>Elevador da Gl\u00f3ria<\/strong>: hist\u00f3rico funicular que conecta el Bairro Alto con la Baixa y viceversa, a trav\u00e9s de un breve pero pintoresco trayecto con una pendiente del 20%.<\/li>\n<\/ul>\n\n\n\n<p>\u00bfC\u00f3mo llegar al Bairro Alto?<\/p>\n\n\n\n<ul class=\"wp-block-list\">\n<li>El primer m\u00e9todo es sin duda el <strong>Elevador da Gl\u00f3ria<\/strong> que puedes tomar si te encuentras en la Pra\u00e7a dos Restauradores o en el Rossio.<\/li>\n\n\n\n<li>Tambi\u00e9n puedes tomar el metro y bajar en la parada Baixa-Chiado, para luego continuar a pie.<\/li>\n<\/ul>\n\n\n\n<p><strong>\u00bfEst\u00e1s pensando en alojarte en el Bairro Alto?<\/strong> Es la mejor zona para quienes quieren vivir al m\u00e1ximo la vida nocturna de Lisboa.<\/p>\n\n\n\n<p>Aqu\u00ed tienes los alojamientos que te recomiendo:<\/p>\n\n\n\n<ul class=\"wp-block-list\">\n<li><strong>Econ\u00f3mico \u2013 <a href=\"https:\/\/www.booking.com\/hotel\/pt\/the-independente-hostel-suites.es.html?aid=2290770&amp;no_rooms=1&amp;group_adults=2&amp;label=nomade_lisboa_barrios_post\" target=\"_blank\" rel=\"noreferrer noopener nofollow\">Independente Principe Real<\/a><\/strong><\/li>\n\n\n\n<li><strong>Gama media \u2013 <a href=\"https:\/\/www.booking.com\/hotel\/pt\/bronzes-de-arte.es.html?aid=2290770&amp;no_rooms=1&amp;group_adults=2&amp;label=nomade_lisboa_barrios_post\" target=\"_blank\" rel=\"noreferrer noopener nofollow\">Bairro Alto Bronze of Art Apartments<\/a><\/strong><\/li>\n\n\n\n<li><strong>Lujoso<\/strong> \u2013 <a href=\"https:\/\/www.booking.com\/hotel\/pt\/the-lumiares.es.html?aid=2290770&amp;no_rooms=1&amp;group_adults=2&amp;label=nomade_lisboa_barrios_post\" target=\"_blank\" rel=\"noreferrer noopener nofollow\"><strong>The Lumiares Hotel &amp; Spa<\/strong><\/a><\/li>\n<\/ul>\n\n\n<style>.kadence-column4833_21d31d-16 > .kt-inside-inner-col{padding-top:var(--global-kb-spacing-xs, 1rem);padding-right:var(--global-kb-spacing-xs, 1rem);padding-bottom:var(--global-kb-spacing-xs, 1rem);padding-left:var(--global-kb-spacing-xs, 1rem);}.kadence-column4833_21d31d-16 > .kt-inside-inner-col,.kadence-column4833_21d31d-16 > .kt-inside-inner-col:before{border-top-left-radius:0px;border-top-right-radius:0px;border-bottom-right-radius:0px;border-bottom-left-radius:0px;}.kadence-column4833_21d31d-16 > .kt-inside-inner-col{column-gap:var(--global-kb-gap-sm, 1rem);}.kadence-column4833_21d31d-16 > .kt-inside-inner-col{flex-direction:column;}.kadence-column4833_21d31d-16 > .kt-inside-inner-col > .aligncenter{width:100%;}.kadence-column4833_21d31d-16 > .kt-inside-inner-col{background-color:rgba(255, 188, 64, 0.15);}.kadence-column4833_21d31d-16 > .kt-inside-inner-col:before{opacity:0.3;}.kadence-column4833_21d31d-16{position:relative;}.kadence-column4833_21d31d-16, .kt-inside-inner-col > .kadence-column4833_21d31d-16:not(.specificity){margin-top:var(--global-kb-spacing-xxs, 0.5rem);margin-bottom:var(--global-kb-spacing-xs, 1rem);}@media all and (max-width: 1024px){.kadence-column4833_21d31d-16 > .kt-inside-inner-col{flex-direction:column;justify-content:center;}}@media all and (max-width: 767px){.kadence-column4833_21d31d-16 > .kt-inside-inner-col{flex-direction:column;justify-content:center;}}<\/style>\n<div class=\"wp-block-kadence-column kadence-column4833_21d31d-16\"><div class=\"kt-inside-inner-col\">\n<p class=\"has-medium-font-size\"><em><strong>\u00bfQuieres saber m\u00e1s sobre este barrio?<\/strong>  Aqui tienes mi <strong><a href=\"\/es\/?p=4824\" target=\"_blank\" rel=\"noreferrer noopener\">gu\u00eda completa para visitar el Barrio Alto<\/a><\/strong><\/em><\/p>\n<\/div><\/div>\n\n\n\n<h3 class=\"wp-block-heading\"><strong>Bel\u00e9m, el<\/strong> barrio de lisboa famoso por sus pasteles<\/h3>\n\n\n\n<figure class=\"wp-block-image size-large\"><img loading=\"lazy\" decoding=\"async\" width=\"1024\" height=\"768\" src=\"https:\/\/nomadeculturale.com\/wp-content\/uploads\/2024\/08\/Barrio-de-Belem-Lisboa-1024x768.jpg\" alt=\"Barrio de Bel\u00e9m, Lisboa\" class=\"wp-image-4851\" srcset=\"https:\/\/nomadeculturale.com\/wp-content\/uploads\/2024\/08\/Barrio-de-Belem-Lisboa-1024x768.jpg 1024w, https:\/\/nomadeculturale.com\/wp-content\/uploads\/2024\/08\/Barrio-de-Belem-Lisboa-300x225.jpg 300w, https:\/\/nomadeculturale.com\/wp-content\/uploads\/2024\/08\/Barrio-de-Belem-Lisboa-768x576.jpg 768w, https:\/\/nomadeculturale.com\/wp-content\/uploads\/2024\/08\/Barrio-de-Belem-Lisboa-1536x1152.jpg 1536w, https:\/\/nomadeculturale.com\/wp-content\/uploads\/2024\/08\/Barrio-de-Belem-Lisboa.jpg 1600w\" sizes=\"auto, (max-width: 1024px) 100vw, 1024px\" \/><\/figure>\n\n\n\n<p>A unos 7 km de Lisboa encontramos otro barrio muy famoso. Bel\u00e9m, c\u00e9lebre por sus monumentos ic\u00f3nicos y su v\u00ednculo con la era de los grandes descubrimientos portugueses.<\/p>\n\n\n\n<p>La historia de Bel\u00e9m est\u00e1 profundamente entrelazada con la \u00e9poca dorada de la exploraci\u00f3n mar\u00edtima portuguesa. En los siglos XV y XVI, este barrio se convirti\u00f3 en el punto de partida de muchas expediciones que cambiar\u00edan el curso de la historia mundial.<\/p>\n\n\n\n<p>Fue precisamente desde Bel\u00e9m de donde parti\u00f3 la expedici\u00f3n de Vasco da Gama en 1497, que permiti\u00f3 a Portugal descubrir una ruta alternativa hacia las Indias. El evento permiti\u00f3 a Portugal convertirse en uno de los imperios m\u00e1s poderosos y ricos de la \u00e9poca. \u00bfEl resultado? Los magn\u00edficos monumentos que a\u00fan hoy testimonian la grandeza de aquel per\u00edodo. Estos son:<\/p>\n\n\n\n<ul class=\"wp-block-list\">\n<li><strong>Torre de Bel\u00e9m:<\/strong> torre defensiva del siglo XVI en estilo manuelino, s\u00edmbolo de la ciudad y Patrimonio de la Humanidad por la UNESCO (<a href=\"https:\/\/www.getyourguide.es\/torre-de-belem-l3590\/lisboa-ticket-de-entrada-a-la-torre-de-belem-t137750\/?partner_id=KC753P7&amp;utm_medium=online_publisher&amp;cmp=nomade_lisboa_barrios_post\" target=\"_blank\" rel=\"noreferrer noopener nofollow\"><strong>aqu\u00ed encuentras las entradas<\/strong><\/a>).<\/li>\n\n\n\n<li><strong>Monasterio de los Jer\u00f3nimos<\/strong>: considerado una de las 7 maravillas de Portugal, una obra maestra arquitect\u00f3nica que alberga las tumbas de Vasco da Gama y del poeta Lu\u00eds de Cam\u00f5es, adem\u00e1s de uno de los claustros m\u00e1s bellos de Europa (<a href=\"https:\/\/www.getyourguide.es\/lisboa-l42\/belem-monasterio-de-los-jeronimos-ticket-de-entrada-t131169\/?partner_id=KC753P7&amp;utm_medium=online_publisher&amp;cmp=nomade_lisboa_barrios_post\" target=\"_blank\" rel=\"noreferrer noopener nofollow\"><strong>aqu\u00ed encuentras las entradas<\/strong><\/a>).<\/li>\n\n\n\n<li><strong>Monumento a los Descubrimientos<\/strong>: una imponente escultura de m\u00e1s de 50 metros, que celebra a los navegantes y exploradores portugueses.<\/li>\n\n\n\n<li><strong>Museo Nacional de los Coches<\/strong>: alberga una colecci\u00f3n \u00fanica en el mundo de carrozas reales y no reales, que abarcan un per\u00edodo que va del siglo XVI al XIX (<a href=\"https:\/\/www.tiqets.com\/es\/atracciones-lisboa-c76528\/entradas-para-national-coach-museum-p1031614\/?partner=nomadeculturale&amp;tq_campaign=nomade_lisboa_barrios_pos\" target=\"_blank\" rel=\"noreferrer noopener nofollow\"><strong>aqu\u00ed encuentras las entradas<\/strong><\/a>).<\/li>\n\n\n\n<li><strong>Centro Cultural de Bel\u00e9m<\/strong>: complejo moderno que alberga exposiciones de arte contempor\u00e1neo y espect\u00e1culos. Acoge un important\u00edsimo museo con obras de los siglos XIX y XX.<\/li>\n\n\n\n<li><strong>Pasteler\u00eda Past\u00e9is de Bel\u00e9m<\/strong>: la pasteler\u00eda m\u00e1s antigua y famosa de Lisboa. La \u00fanica que elabora los pasteles de nata seg\u00fan la receta original (y secreta), desde 1837.<\/li>\n<\/ul>\n\n\n\n<p>\u00bfC\u00f3mo llegar al barrio de Bel\u00e9m?<\/p>\n\n\n\n<p>Como te dec\u00eda, Bel\u00e9m se encuentra a unos 7 km del centro de Lisboa. Sin embargo, la zona es f\u00e1cilmente accesible gracias a:<\/p>\n\n\n\n<ul class=\"wp-block-list\">\n<li><strong>Tranv\u00eda 15E<\/strong>, la forma m\u00e1s pintoresca de llegar a la zona.<\/li>\n\n\n\n<li>Muchas l\u00edneas de autob\u00fas, entre ellas la <strong>l\u00ednea 728<\/strong>, que pasa por la Pra\u00e7a do Comercio.<\/li>\n<\/ul>\n\n\n\n<p><strong>\u00bfEst\u00e1s pensando en alojarte en Bel\u00e9m?<\/strong> Recomiendo esta zona a quienes quieran alojarse lejos del caos del centro, pero en una zona elegante y bien comunicada. Puede ser adecuada para todos, teniendo en cuenta, sin embargo, que se encuentra a 7 km del centro. Excelente especialmente en verano, para llegar f\u00e1cilmente a las playas.<\/p>\n\n\n\n<p>Aqu\u00ed tienes los alojamientos que te recomiendo:<\/p>\n\n\n\n<ul class=\"wp-block-list\">\n<li><strong>Econ\u00f3mico \u2013 <a href=\"https:\/\/www.booking.com\/hotel\/pt\/famous-crows.es.html?aid=2290770&amp;no_rooms=1&amp;group_adults=2&amp;label=nomade_lisboa_barrios_post\" target=\"_blank\" rel=\"noreferrer noopener nofollow\">Famous Crows Lisbon Suites<\/a><\/strong><\/li>\n\n\n\n<li><strong>Calidad-precio \u2013 <a href=\"https:\/\/www.booking.com\/hotel\/pt\/geronimo-guest-house.es.html?aid=2290770&amp;no_rooms=1&amp;group_adults=2&amp;label=nomade_lisboa_barrios_post\" target=\"_blank\" rel=\"noreferrer noopener nofollow\">Geronimo Guest House<\/a><\/strong><\/li>\n\n\n\n<li><strong>Lujoso \u2013 <a href=\"https:\/\/www.booking.com\/hotel\/pt\/altis-belem-spa.es.html?aid=2290770&amp;no_rooms=1&amp;group_adults=2&amp;label=nomade_lisboa_barrios_post\" target=\"_blank\" rel=\"noreferrer noopener nofollow\">Altis Bel\u00e9m<\/a><\/strong><\/li>\n<\/ul>\n\n\n<style>.kadence-column4833_e041b9-e3 > .kt-inside-inner-col{padding-top:var(--global-kb-spacing-xs, 1rem);padding-right:var(--global-kb-spacing-xs, 1rem);padding-bottom:var(--global-kb-spacing-xs, 1rem);padding-left:var(--global-kb-spacing-xs, 1rem);}.kadence-column4833_e041b9-e3 > .kt-inside-inner-col,.kadence-column4833_e041b9-e3 > .kt-inside-inner-col:before{border-top-left-radius:0px;border-top-right-radius:0px;border-bottom-right-radius:0px;border-bottom-left-radius:0px;}.kadence-column4833_e041b9-e3 > .kt-inside-inner-col{column-gap:var(--global-kb-gap-sm, 1rem);}.kadence-column4833_e041b9-e3 > .kt-inside-inner-col{flex-direction:column;}.kadence-column4833_e041b9-e3 > .kt-inside-inner-col > .aligncenter{width:100%;}.kadence-column4833_e041b9-e3 > .kt-inside-inner-col{background-color:rgba(255, 188, 64, 0.15);}.kadence-column4833_e041b9-e3 > .kt-inside-inner-col:before{opacity:0.3;}.kadence-column4833_e041b9-e3{position:relative;}.kadence-column4833_e041b9-e3, .kt-inside-inner-col > .kadence-column4833_e041b9-e3:not(.specificity){margin-top:var(--global-kb-spacing-xxs, 0.5rem);margin-bottom:var(--global-kb-spacing-xs, 1rem);}@media all and (max-width: 1024px){.kadence-column4833_e041b9-e3 > .kt-inside-inner-col{flex-direction:column;justify-content:center;}}@media all and (max-width: 767px){.kadence-column4833_e041b9-e3 > .kt-inside-inner-col{flex-direction:column;justify-content:center;}}<\/style>\n<div class=\"wp-block-kadence-column kadence-column4833_e041b9-e3\"><div class=\"kt-inside-inner-col\">\n<p class=\"has-medium-font-size\"><em><strong>\u00bfQuieres saber m\u00e1s sobre este barrio? <\/strong>He escrito una gu\u00eda completa: <a href=\"\/es\/?p=4794\" target=\"_blank\" rel=\"noreferrer noopener\">Q<strong>u\u00e9 ver en el barrio de Bel\u00e9m en Lisboa<\/strong><\/a><\/em><\/p>\n<\/div><\/div>\n\n\n\n<h3 class=\"wp-block-heading\"><strong>Parque das Na\u00e7\u00f5es, el barrio moderno de Lisboa<\/strong><\/h3>\n\n\n\n<figure class=\"wp-block-image size-large\"><img loading=\"lazy\" decoding=\"async\" width=\"1024\" height=\"768\" src=\"https:\/\/nomadeculturale.com\/wp-content\/uploads\/2024\/08\/Parque-das-Nacoes-el-barrio-moderno-de-Lisboa-1024x768.jpg\" alt=\"Parque das Na\u00e7\u00f5es, el barrio moderno de Lisboa\" class=\"wp-image-4860\" srcset=\"https:\/\/nomadeculturale.com\/wp-content\/uploads\/2024\/08\/Parque-das-Nacoes-el-barrio-moderno-de-Lisboa-1024x768.jpg 1024w, https:\/\/nomadeculturale.com\/wp-content\/uploads\/2024\/08\/Parque-das-Nacoes-el-barrio-moderno-de-Lisboa-300x225.jpg 300w, https:\/\/nomadeculturale.com\/wp-content\/uploads\/2024\/08\/Parque-das-Nacoes-el-barrio-moderno-de-Lisboa-768x576.jpg 768w, https:\/\/nomadeculturale.com\/wp-content\/uploads\/2024\/08\/Parque-das-Nacoes-el-barrio-moderno-de-Lisboa-1536x1152.jpg 1536w, https:\/\/nomadeculturale.com\/wp-content\/uploads\/2024\/08\/Parque-das-Nacoes-el-barrio-moderno-de-Lisboa.jpg 1600w\" sizes=\"auto, (max-width: 1024px) 100vw, 1024px\" \/><\/figure>\n\n\n\n<p>Entre el aeropuerto y el centro, se encuentra el moderno barrio de <strong>Parque das Na\u00e7\u00f5es<\/strong>, considerado actualmente una de las <strong>zonas de Lisboa<\/strong> m\u00e1s innovadoras y uno de sus <strong>mejores barrios para visitar<\/strong>. Es tambi\u00e9n famoso por ser uno de los ejemplos m\u00e1s importantes de regeneraci\u00f3n urbana del siglo XX.<\/p>\n\n\n\n<p><strong>\u00bfPero cu\u00e1l es la historia detr\u00e1s de este barrio futurista?<\/strong><\/p>\n\n\n\n<p>El \u00e1rea, antiguamente una zona industrial y portuaria luego abandonada, fue completamente regenerada con motivo de la Exposici\u00f3n Universal de 1998. Lo que antes era un barrio decadente, se transform\u00f3 en pocos a\u00f1os en el escaparate de la ciudad.<\/p>\n\n\n\n<p>Despu\u00e9s de la Expo, el barrio continu\u00f3 desarroll\u00e1ndose, convirti\u00e9ndose en un importante centro financiero y tur\u00edstico.<\/p>\n\n\n\n<p>Muchos de los pabellones y atracciones construidos para la Expo se han convertido hoy en monumentos interesantes para visitar.<\/p>\n\n\n\n<p>\u00bfDe qu\u00e9 estoy hablando?<\/p>\n\n\n\n<ul class=\"wp-block-list\">\n<li><strong>Ocean\u00e1rio de Lisboa<\/strong>: el segundo acuario m\u00e1s grande de la pen\u00ednsula ib\u00e9rica, alberga uno de los acuarios m\u00e1s grandes de Europa, que acoge animales como tiburones, rayas y nutrias, y 5 grandes tanques que reproducen los ecosistemas de los oc\u00e9anos de nuestro planeta (<a href=\"https:\/\/www.civitatis.com\/es\/lisboa\/entrada-oceanario-lisboa\/?aid=13436&amp;cmp=nomade_lisboa_barrios_post\" target=\"_blank\" rel=\"noreferrer noopener nofollow\"><strong>aqu\u00ed encuentras las entradas<\/strong><\/a>).<\/li>\n\n\n\n<li><strong>Pavilh\u00e3o do Conhecimento<\/strong>: un museo interactivo dedicado a la ciencia y la tecnolog\u00eda, perfecto para familias.<\/li>\n\n\n\n<li><strong>Telef\u00e9rico de Lisboa<\/strong>: un telef\u00e9rico panor\u00e1mico que ofrece vistas espectaculares sobre el Tajo y todo el barrio.<\/li>\n\n\n\n<li><strong>Jardins da \u00c1gua<\/strong>: una serie de jardines tem\u00e1ticos con fuentes y esculturas.<\/li>\n\n\n\n<li><strong>Casino Lisboa<\/strong>: el primer casino de la capital.<\/li>\n\n\n\n<li><strong>Centro Comercial Vasco da Gama<\/strong>: un gran centro comercial, que alberga casi 200 tiendas, 50 restaurantes y un cine multisala.<\/li>\n<\/ul>\n\n\n\n<p><strong>\u00bfC\u00f3mo llegar a Parque das Na\u00e7\u00f5es?<\/strong><\/p>\n\n\n\n<p>El barrio est\u00e1 bien comunicado por transporte p\u00fablico. En particular, la estaci\u00f3n <strong>Oriente<\/strong> se encuentra en la l\u00ednea roja del metro, que conecta directamente la zona con el centro de la ciudad y el aeropuerto. La estaci\u00f3n de tren Oriente es tambi\u00e9n un importante nudo para trenes regionales y nacionales.<\/p>\n\n\n\n<p><strong>\u00bfEst\u00e1s pensando en alojarte en Parque das Na\u00e7\u00f5es?<\/strong> Es una excelente zona especialmente para familias, ya que aqu\u00ed se encuentran varias atracciones adecuadas para ni\u00f1os. Adem\u00e1s, permite llegar f\u00e1cilmente al centro en metro y est\u00e1 a pocos pasos del aeropuerto.<\/p>\n\n\n\n<p>Aqu\u00ed tienes los alojamientos recomendados:<\/p>\n\n\n\n<ul class=\"wp-block-list\">\n<li><strong>Econ\u00f3mico \u2013 <a href=\"https:\/\/www.booking.com\/hotel\/pt\/pousada-de-juventude-do-parque-das-nacoes.es.html?aid=2290770&amp;no_rooms=1&amp;group_adults=2&amp;label=nomade_lisboa_barrios_post\" target=\"_blank\" rel=\"noreferrer noopener nofollow\">HI Parque das Na\u00e7\u00f5es \u2013 Pousada de Juventude<\/a><\/strong><\/li>\n\n\n\n<li><strong>Gama media \u2013<\/strong> <a href=\"https:\/\/www.booking.com\/hotel\/pt\/moxy-lisboa-oriente.es.html?aid=2290770&amp;no_rooms=1&amp;group_adults=2&amp;label=nomade_lisboa_barrios_post\" target=\"_blank\" rel=\"noreferrer noopener nofollow\"><strong>Moxy Lisboa Oriente<\/strong><\/a><\/li>\n\n\n\n<li><strong>Lujoso \u2013 <a href=\"https:\/\/www.booking.com\/hotel\/pt\/myriad-by-sana-hotels.es.html?aid=2290770&amp;no_rooms=1&amp;group_adults=2&amp;label=nomade_lisboa_barrios_post\" target=\"_blank\" rel=\"noreferrer noopener nofollow\">Myriad by Sana Hotels<\/a><\/strong><\/li>\n<\/ul>\n\n\n\n<h3 class=\"wp-block-heading\"><strong>Cais do Sodr\u00e9, vida nocturna y comida<\/strong><\/h3>\n\n\n\n<figure class=\"wp-block-image size-large\"><img loading=\"lazy\" decoding=\"async\" width=\"1024\" height=\"768\" src=\"https:\/\/nomadeculturale.com\/wp-content\/uploads\/2024\/08\/Cais-do-Sodre-vida-nocturna-y-buena-comida-1024x768.jpg\" alt=\"Cais do Sodr\u00e9, vida nocturna y buena comida\" class=\"wp-image-4857\" srcset=\"https:\/\/nomadeculturale.com\/wp-content\/uploads\/2024\/08\/Cais-do-Sodre-vida-nocturna-y-buena-comida-1024x768.jpg 1024w, https:\/\/nomadeculturale.com\/wp-content\/uploads\/2024\/08\/Cais-do-Sodre-vida-nocturna-y-buena-comida-300x225.jpg 300w, https:\/\/nomadeculturale.com\/wp-content\/uploads\/2024\/08\/Cais-do-Sodre-vida-nocturna-y-buena-comida-768x576.jpg 768w, https:\/\/nomadeculturale.com\/wp-content\/uploads\/2024\/08\/Cais-do-Sodre-vida-nocturna-y-buena-comida-1536x1152.jpg 1536w, https:\/\/nomadeculturale.com\/wp-content\/uploads\/2024\/08\/Cais-do-Sodre-vida-nocturna-y-buena-comida.jpg 1600w\" sizes=\"auto, (max-width: 1024px) 100vw, 1024px\" \/><\/figure>\n\n\n\n<p>Otro barrio fascinante que recomiendo visitar en Lisboa es Cais do Sodr\u00e9.<\/p>\n\n\n\n<p>En el pasado un barrio portuario y de mala reputaci\u00f3n, en las \u00faltimas d\u00e9cadas ha experimentado una importante regeneraci\u00f3n, que lo ha convertido en una de las zonas de vida nocturna de Lisboa.<\/p>\n\n\n\n<p>\u00bfQu\u00e9 hacer y ver en esta zona?<\/p>\n\n\n\n<ul class=\"wp-block-list\">\n<li><strong>Mercado da Ribeira (Time Out Market):<\/strong> un mercado hist\u00f3rico que hoy alberga el Time Out Market, uno de los food halls m\u00e1s famosos del mundo. En su interior encontrar\u00e1s decenas de puestos con comida portuguesa y no solo, todo supervisado por la c\u00e9lebre revista \u00abTime Out\u00bb y por importantes chefs locales.<\/li>\n\n\n\n<li><strong>Rua Nova do Carvalho<\/strong>: m\u00e1s conocida como Pink street, en el pasado era una zona de prostituci\u00f3n, ahora es famosa por su color \u00abrosa\u00bb y por las decenas de bares y locales nocturnos donde es posible pasar una noche de fiesta.<\/li>\n\n\n\n<li><strong>Pra\u00e7a Dom Lu\u00eds:<\/strong> una elegante plaza con palmeras y otros \u00e1rboles, dominada por la estatua del Marqu\u00e9s de S\u00e1 da Bandeira.<\/li>\n\n\n\n<li><strong>Ribeira das Naus:<\/strong> el paseo mar\u00edtimo recientemente regenerado, perfecto para un bonito paseo o para tomar una copa en uno de los muchos locales con vistas, quiz\u00e1s al atardecer.<\/li>\n\n\n\n<li><strong>Igreja de S\u00e3o Paulo:<\/strong> Una peque\u00f1a iglesia barroca del siglo XVIII con interiores ricamente decorados.<\/li>\n\n\n\n<li><strong>Pens\u00e3o Amor:<\/strong> uno de los bares m\u00e1s c\u00e9lebres de la zona, situado en un antiguo burdel de los a\u00f1os 70, que ha mantenido gran parte de su decoraci\u00f3n original de \u00abluces rojas\u00bb.<\/li>\n<\/ul>\n\n\n\n<p><strong>\u00bfC\u00f3mo llegar a Cais do Sodr\u00e9?<\/strong><\/p>\n\n\n\n<p>El barrio est\u00e1 bien comunicado por transporte p\u00fablico. La estaci\u00f3n de <strong>Cais do Sodr\u00e9<\/strong> es un importante nudo de transportes, servido por el metro (l\u00ednea verde), los trenes a Cascais y los ferries que cruzan el Tajo. <\/p>\n\n\n\n<p>Adem\u00e1s, numerosos autobuses y el famoso <strong>tranv\u00eda 15<\/strong> conectan el barrio con otras zonas de Lisboa. Gracias a su ubicaci\u00f3n c\u00e9ntrica, Cais do Sodr\u00e9 tambi\u00e9n es f\u00e1cilmente accesible a pie desde barrios populares como Baixa y Chiado.<\/p>\n\n\n\n<h3 class=\"wp-block-heading\"><strong>Alc\u00e2ntara, barrio hipster y lleno de atracciones<\/strong><\/h3>\n\n\n\n<figure class=\"wp-block-image size-large\"><img loading=\"lazy\" decoding=\"async\" width=\"1024\" height=\"768\" src=\"https:\/\/nomadeculturale.com\/wp-content\/uploads\/2024\/08\/Alcantara-barrio-hipster-de-Lisboa-1024x768.jpg\" alt=\"Alc\u00e2ntara, barrio hipster de Lisboa\" class=\"wp-image-4863\" srcset=\"https:\/\/nomadeculturale.com\/wp-content\/uploads\/2024\/08\/Alcantara-barrio-hipster-de-Lisboa-1024x768.jpg 1024w, https:\/\/nomadeculturale.com\/wp-content\/uploads\/2024\/08\/Alcantara-barrio-hipster-de-Lisboa-300x225.jpg 300w, https:\/\/nomadeculturale.com\/wp-content\/uploads\/2024\/08\/Alcantara-barrio-hipster-de-Lisboa-768x576.jpg 768w, https:\/\/nomadeculturale.com\/wp-content\/uploads\/2024\/08\/Alcantara-barrio-hipster-de-Lisboa-1536x1152.jpg 1536w, https:\/\/nomadeculturale.com\/wp-content\/uploads\/2024\/08\/Alcantara-barrio-hipster-de-Lisboa.jpg 1600w\" sizes=\"auto, (max-width: 1024px) 100vw, 1024px\" \/><\/figure>\n\n\n\n<p>\u00bfQu\u00e9 barrio visitar en Lisboa? Entre Bel\u00e9m y el centro, se encuentra el ic\u00f3nico barrio de Alc\u00e2ntara.<\/p>\n\n\n\n<p>A nivel hist\u00f3rico, el barrio estaba habitado desde la \u00e9poca \u00e1rabe. No en vano el nombre deriva del \u00e1rabe \u00abAl-quant\u00e3ra\u00bb, que significa \u00abel puente\u00bb, refiri\u00e9ndose a un antiguo puente romano que se encontraba en esa zona.<\/p>\n\n\n\n<p>Durante la revoluci\u00f3n industrial, Alc\u00e2ntara se transform\u00f3 en un importante centro productivo con la creaci\u00f3n de grandes f\u00e1bricas como la Companhia de Fia\u00e7\u00e3o e Tecidos Lisbonense en 1846.<\/p>\n\n\n\n<p>Despu\u00e9s de a\u00f1os de abandono causados por el cierre de estas f\u00e1bricas, el barrio experiment\u00f3 una importante regeneraci\u00f3n, convirti\u00e9ndose en un polo cultural y creativo.<\/p>\n\n\n\n<p><strong>\u00bfQu\u00e9 ver en esta zona?<\/strong><\/p>\n\n\n\n<ul class=\"wp-block-list\">\n<li><strong>LX Factory:<\/strong> precisamente en Alc\u00e2ntara se encuentra uno de los centros culturales m\u00e1s importantes del pa\u00eds. Lx Factory se encuentra en un antiguo complejo industrial transformado y regenerado que alberga decenas de tiendas, restaurantes, bares, galer\u00edas de arte y espacios para eventos. Aqu\u00ed tambi\u00e9n se encuentra Ler Devagar, una singular librer\u00eda considerada entre las m\u00e1s bellas del mundo.<\/li>\n\n\n\n<li><strong>Museu Nacional de Arte Antiga<\/strong>: la pinacoteca m\u00e1s importante de Portugal. Posee la mayor colecci\u00f3n de pinturas de la escuela portuguesa, adem\u00e1s de una significativa colecci\u00f3n de obras de otras escuelas europeas, desde el siglo XIV hasta mediados del XIX (<a href=\"https:\/\/www.tiqets.com\/es\/atracciones-lisboa-c76528\/entradas-para-national-museum-of-ancient-art-lisbon-p1037817\/?partner=nomadeculturale&amp;tq_campaign=nomade_lisboa_barrios_pos\" target=\"_blank\" rel=\"noreferrer noopener nofollow\"><strong>aqu\u00ed encuentras las entradas<\/strong><\/a>).<\/li>\n\n\n\n<li><strong>Ponte 25 de Abril<\/strong>: El ic\u00f3nico puente colgante que conecta Lisboa con la orilla sur del Tajo, ofreciendo vistas espectaculares de la ciudad y una atm\u00f3sfera que recuerda a la de San Francisco.<\/li>\n\n\n\n<li><strong>Docas de Santo Amaro y docas de Alc\u00e2ntara:<\/strong> Un \u00e1rea portuaria reconvertida con numerosos restaurantes y bares, ideal para disfrutar de una copa con vistas al r\u00edo. En esta zona se encuentran varios locales nocturnos y discotecas, como el c\u00e9lebre K Urban Beach Club.<\/li>\n\n\n\n<li><strong>Museu do Oriente:<\/strong> un museo que alberga una gran colecci\u00f3n de arte \u00e9tnico y en particular asi\u00e1tico. Testimonio del pasado colonial portugu\u00e9s.<\/li>\n\n\n\n<li><strong>Museu da Carris:<\/strong> El museo de los transportes de Lisboa, que cuenta la historia de los tranv\u00edas y autobuses de la ciudad.<\/li>\n<\/ul>\n\n\n\n<p><strong>\u00bfC\u00f3mo llegar a Alc\u00e2ntara?<\/strong><\/p>\n\n\n\n<ul class=\"wp-block-list\">\n<li><strong>Tranv\u00eda:<\/strong> La l\u00ednea <strong>15E<\/strong> conecta Alc\u00e2ntara con el centro de Lisboa y el barrio de Bel\u00e9m.<\/li>\n\n\n\n<li><strong>Trenes:<\/strong> Las estaciones de tren de <strong>Alc\u00e2ntara-Terra<\/strong> y <strong>Alc\u00e2ntara-Mar<\/strong> permiten llegar a la zona tambi\u00e9n en tren.<\/li>\n<\/ul>\n\n\n<style>.kadence-column4833_b70f0f-35 > .kt-inside-inner-col{padding-top:var(--global-kb-spacing-xs, 1rem);padding-right:var(--global-kb-spacing-xs, 1rem);padding-bottom:var(--global-kb-spacing-xs, 1rem);padding-left:var(--global-kb-spacing-xs, 1rem);}.kadence-column4833_b70f0f-35 > .kt-inside-inner-col,.kadence-column4833_b70f0f-35 > .kt-inside-inner-col:before{border-top-left-radius:0px;border-top-right-radius:0px;border-bottom-right-radius:0px;border-bottom-left-radius:0px;}.kadence-column4833_b70f0f-35 > .kt-inside-inner-col{column-gap:var(--global-kb-gap-sm, 1rem);}.kadence-column4833_b70f0f-35 > .kt-inside-inner-col{flex-direction:column;}.kadence-column4833_b70f0f-35 > .kt-inside-inner-col > .aligncenter{width:100%;}.kadence-column4833_b70f0f-35 > .kt-inside-inner-col{background-color:rgba(255, 188, 64, 0.15);}.kadence-column4833_b70f0f-35 > .kt-inside-inner-col:before{opacity:0.3;}.kadence-column4833_b70f0f-35{position:relative;}.kadence-column4833_b70f0f-35, .kt-inside-inner-col > .kadence-column4833_b70f0f-35:not(.specificity){margin-top:var(--global-kb-spacing-xxs, 0.5rem);margin-bottom:var(--global-kb-spacing-xs, 1rem);}@media all and (max-width: 1024px){.kadence-column4833_b70f0f-35 > .kt-inside-inner-col{flex-direction:column;justify-content:center;}}@media all and (max-width: 767px){.kadence-column4833_b70f0f-35 > .kt-inside-inner-col{flex-direction:column;justify-content:center;}}<\/style>\n<div class=\"wp-block-kadence-column kadence-column4833_b70f0f-35\"><div class=\"kt-inside-inner-col\">\n<p class=\"has-medium-font-size\"><em><strong>\u00bfQuieres saber m\u00e1s sobre este barrio?<\/strong> He escrito una gu\u00eda completa: <strong><a href=\"\/es\/?p=4812\" target=\"_blank\" rel=\"noreferrer noopener\">Qu\u00e9 ver en el barrio de Alc\u00e2ntara en Lisboa<\/a><\/strong><\/em><\/p>\n<\/div><\/div>\n\n\n\n<h3 class=\"wp-block-heading\"><strong>Pr\u00edncipe Real, la zona aristocr\u00e1tica de Lisboa<\/strong><\/h3>\n\n\n\n<p>Otro barrio que visitar en Lisboa es Pr\u00edncipe Real, situado a pocos pasos del Bairro Alto.<\/p>\n\n\n\n<p>A pesar de la cercan\u00eda al barrio \u00abhipster y fiestero\u00bb, Pr\u00edncipe Real es totalmente diferente. Se trata de una de las zonas m\u00e1s ricas y elegantes de la ciudad.<\/p>\n\n\n\n<p>No en vano, en el siglo XIX, era el barrio donde viv\u00eda buena parte de la aristocracia y la alta burgues\u00eda de la ciudad.<\/p>\n\n\n\n<p>Hoy Pr\u00edncipe Real, adem\u00e1s de ser una zona agradable para dar un paseo o admirar una panor\u00e1mica de Lisboa, alberga muchos restaurantes y bares entre los m\u00e1s exclusivos de la ciudad.<\/p>\n\n\n\n<p>Otras atracciones interesantes son:<\/p>\n\n\n\n<ul class=\"wp-block-list\">\n<li><strong>Jardim do Pr\u00edncipe Real:<\/strong> un bonito jard\u00edn p\u00fablico con un imponente cedro centenario, quioscos y un mercado ecol\u00f3gico semanal.<\/li>\n\n\n\n<li><strong>Pra\u00e7a das Flores:<\/strong> una pintoresca placita rodeada de caf\u00e9s y restaurantes.<\/li>\n\n\n\n<li><strong>Embaixada:<\/strong> un fascinante edificio de estilo morisco de 1877, hoy transformado en el centro comercial Embaixada con tiendas de dise\u00f1o y moda portuguesa.<\/li>\n\n\n\n<li><strong>Convento dos Cardaes<\/strong>: Un raro testimonio de la arquitectura barroca pre-terremoto de 1755, con valiosos paneles de azulejos y un altar dorado.<\/li>\n\n\n\n<li><strong>Jardim Bot\u00e2nico de Lisboa:<\/strong> Un tranquilo jard\u00edn bot\u00e1nico con una vasta colecci\u00f3n de plantas ex\u00f3ticas.<\/li>\n\n\n\n<li><strong>Pavilh\u00e3o Chin\u00eas:<\/strong> Un exc\u00e9ntrico bar-museo de estilo oriental, conocido por su atm\u00f3sfera \u00fanica y la vasta colecci\u00f3n de objetos curiosos.<\/li>\n\n\n\n<li>Y finalmente el Museo de historia natural de la ciudad.<\/li>\n<\/ul>\n\n\n\n<p><strong>\u00bfC\u00f3mo llegar a Pr\u00edncipe Real?<\/strong><\/p>\n\n\n\n<ul class=\"wp-block-list\">\n<li><strong>Tranv\u00eda:<\/strong> La forma m\u00e1s caracter\u00edstica es sin duda el <strong>tranv\u00eda 24<\/strong>, que conecta el barrio con el centro de la ciudad, ofreciendo durante el viaje un panorama \u00fanico.<\/li>\n\n\n\n<li><strong>Funicular:<\/strong> para quienes prefieren una alternativa m\u00e1s pintoresca, el Elevador da Gl\u00f3ria, un funicular hist\u00f3rico, conecta la Pra\u00e7a dos Restauradores (en el centro) con el Miradouro de S\u00e3o Pedro de Alc\u00e2ntara, a pocos pasos de Pr\u00edncipe Real.<\/li>\n\n\n\n<li><strong>Metro:<\/strong> La estaci\u00f3n de metro m\u00e1s cercana es <strong>Rato<\/strong> (l\u00ednea amarilla), situada a unos 10 minutos a pie del coraz\u00f3n del barrio.<\/li>\n<\/ul>\n\n\n\n<p><strong>\u00bfEst\u00e1s pensando en alojarte en Pr\u00edncipe Real?<\/strong> Es uno de los barrios m\u00e1s elegantes de Lisboa. Puede ser adecuado para parejas y para quienes est\u00e9n interesados en la vida nocturna (se encuentra a pocos pasos del Bairro Alto). Aqu\u00ed tienes los alojamientos recomendados:<\/p>\n\n\n\n<ul class=\"wp-block-list\">\n<li><strong>Econ\u00f3mico \u2013 <a href=\"https:\/\/www.booking.com\/hotel\/pt\/flores-guest-house.es.html?aid=2290770&amp;no_rooms=1&amp;group_adults=2&amp;label=nomade_lisboa_barrios_post\" target=\"_blank\" rel=\"noreferrer noopener nofollow\">Flores Guest House<\/a><\/strong><\/li>\n\n\n\n<li><strong>Gama media \u2013 <a href=\"https:\/\/www.booking.com\/hotel\/pt\/casa-do-jasmim-by-shiadu.es.html?aid=2290770&amp;no_rooms=1&amp;group_adults=2&amp;label=nomade_lisboa_barrios_post\" target=\"_blank\" rel=\"noreferrer noopener nofollow\">Casa do Jasmim<\/a><\/strong><\/li>\n\n\n\n<li><strong>Lujoso \u2013 <a href=\"https:\/\/www.booking.com\/hotel\/pt\/casa-do-principe-lisboa2.es.html?aid=2290770&amp;no_rooms=1&amp;group_adults=2&amp;label=nomade_lisboa_barrios_post\" target=\"_blank\" rel=\"noreferrer noopener nofollow\">Casa do Pr\u00edncipe<\/a><\/strong><\/li>\n<\/ul>\n\n\n\n<h3 class=\"wp-block-heading\"><strong>Ajuda, un barrio no tur\u00edstico para visitar<\/strong><\/h3>\n\n\n\n<p>A diferencia de todos los dem\u00e1s barrios de los que he hablado hasta ahora, Ajuda no es un barrio tur\u00edstico, y quiz\u00e1s es precisamente por esto que lo considero una de las zonas que no hay que perderse.<\/p>\n\n\n\n<p>De hecho, Ajuda mantiene intacta la atm\u00f3sfera t\u00edpica de un barrio lisboeta, a\u00fan no asaltado por el turismo de masas que ha afectado al resto de la ciudad.<\/p>\n\n\n\n<p>No es una visita obligatoria, pero si el tiempo te lo permite, aconsejo absolutamente darse una vuelta.<\/p>\n\n\n\n<p>A nivel hist\u00f3rico, Ajuda est\u00e1 marcada por el terremoto de 1755, evento despu\u00e9s del cual la familia real decidi\u00f3 trasladarse a esta zona, considerada m\u00e1s segura que el centro de Lisboa.<\/p>\n\n\n\n<p>Este evento marc\u00f3 el inicio del desarrollo de Ajuda como barrio residencial de prestigio.<\/p>\n\n\n\n<p>En el siglo XIX, el \u00e1rea se convirti\u00f3 en un importante centro cultural y cient\u00edfico, con la construcci\u00f3n de edificios como el <strong>Palacio Nacional de Ajuda<\/strong> y el <strong>Jard\u00edn Bot\u00e1nico<\/strong>.<\/p>\n\n\n\n<p>\u00bfQu\u00e9 ver durante una visita al barrio?<\/p>\n\n\n\n<ul class=\"wp-block-list\">\n<li><strong>Pal\u00e1cio Nacional da Ajuda:<\/strong> un imponente palacio neocl\u00e1sico del siglo XIX, antigua residencia real, ahora museo que alberga una rica colecci\u00f3n de arte y mobiliario de \u00e9poca.<\/li>\n\n\n\n<li><strong>Jardim Bot\u00e2nico da Ajuda:<\/strong> el primer jard\u00edn bot\u00e1nico de Portugal, fundado en 1768, que posee una vasta colecci\u00f3n de plantas ex\u00f3ticas, adem\u00e1s de una espl\u00e9ndida vista sobre el r\u00edo Tajo.<\/li>\n\n\n\n<li><strong>Igreja da Mem\u00f3ria:<\/strong> una iglesia del siglo XVIII construida para conmemorar el fallido atentado al rey Jos\u00e9 I en 1758.<\/li>\n\n\n\n<li><strong>Museu Nacional do Traje e da Moda:<\/strong> un museo dedicado a la historia del traje y la moda portuguesa, situado en un elegante palacio nobiliario del siglo XVIII.<\/li>\n<\/ul>\n\n\n\n<p><strong>\u00bfC\u00f3mo llegar a Ajuda?<\/strong><\/p>\n\n\n\n<p>Aunque el barrio no est\u00e1 directamente servido por el metro, est\u00e1 bien conectado con el resto de la ciudad a trav\u00e9s de varias opciones de transporte p\u00fablico:<\/p>\n\n\n\n<ul class=\"wp-block-list\">\n<li><strong>Tranv\u00eda:<\/strong> La l\u00ednea <strong>18E<\/strong> conecta Ajuda con el centro de Lisboa.<\/li>\n\n\n\n<li><strong>Autob\u00fas<\/strong>: muchas l\u00edneas conectan el barrio con el centro. Por ejemplo, los autobuses 732 y 760.<\/li>\n\n\n\n<li><strong>A pie:<\/strong> Si te encuentras en <strong>Bel\u00e9m<\/strong>, puedes llegar a Ajuda a pie en unos 20 minutos, disfrutando de un agradable paseo a trav\u00e9s de las pintorescas calles del barrio.<\/li>\n<\/ul>\n","protected":false},"excerpt":{"rendered":"<p>Gu\u00eda actualizada con consejos pr\u00e1cticos para visitar las zonas m\u00e1s famosas de Lisboa para hacer turismo.<\/p>\n","protected":false},"author":1,"featured_media":4854,"comment_status":"open","ping_status":"open","sticky":false,"template":"","format":"standard","meta":{"_editorskit_title_hidden":false,"_editorskit_reading_time":0,"_editorskit_is_block_options_detached":false,"_editorskit_block_options_position":"{}","_kad_blocks_custom_css":"","_kad_blocks_head_custom_js":"","_kad_blocks_body_custom_js":"","_kad_blocks_footer_custom_js":"","_kadence_starter_templates_imported_post":false,"_kad_post_transparent":"","_kad_post_title":"","_kad_post_layout":"","_kad_post_sidebar_id":"","_kad_post_content_style":"","_kad_post_vertical_padding":"","_kad_post_feature":"","_kad_post_feature_position":"","_kad_post_header":false,"_kad_post_footer":false,"footnotes":""},"categories":[324,325],"tags":[],"class_list":["post-4833","post","type-post","status-publish","format-standard","has-post-thumbnail","hentry","category-lisboa","category-portugal"],"taxonomy_info":{"category":[{"value":324,"label":"Lisboa"},{"value":325,"label":"Portugal"}]},"featured_image_src_large":["https:\/\/nomadeculturale.com\/wp-content\/uploads\/2024\/08\/Barrios-de-Lisboa-para-visitar-1024x768.jpg",1024,768,true],"author_info":{"display_name":"Alex Bulla","author_link":"https:\/\/nomadeculturale.com\/es\/author\/alex_viaggiatore_culturale\/"},"comment_info":0,"category_info":[{"term_id":324,"name":"Lisboa","slug":"lisboa","term_group":0,"term_taxonomy_id":324,"taxonomy":"category","description":"","parent":0,"count":27,"filter":"raw","cat_ID":324,"category_count":27,"category_description":"","cat_name":"Lisboa","category_nicename":"lisboa","category_parent":0},{"term_id":325,"name":"Portugal","slug":"portugal","term_group":0,"term_taxonomy_id":325,"taxonomy":"category","description":"","parent":0,"count":24,"filter":"raw","cat_ID":325,"category_count":24,"category_description":"","cat_name":"Portugal","category_nicename":"portugal","category_parent":0}],"tag_info":false,"_links":{"self":[{"href":"https:\/\/nomadeculturale.com\/es\/wp-json\/wp\/v2\/posts\/4833","targetHints":{"allow":["GET"]}}],"collection":[{"href":"https:\/\/nomadeculturale.com\/es\/wp-json\/wp\/v2\/posts"}],"about":[{"href":"https:\/\/nomadeculturale.com\/es\/wp-json\/wp\/v2\/types\/post"}],"author":[{"embeddable":true,"href":"https:\/\/nomadeculturale.com\/es\/wp-json\/wp\/v2\/users\/1"}],"replies":[{"embeddable":true,"href":"https:\/\/nomadeculturale.com\/es\/wp-json\/wp\/v2\/comments?post=4833"}],"version-history":[{"count":19,"href":"https:\/\/nomadeculturale.com\/es\/wp-json\/wp\/v2\/posts\/4833\/revisions"}],"predecessor-version":[{"id":5053,"href":"https:\/\/nomadeculturale.com\/es\/wp-json\/wp\/v2\/posts\/4833\/revisions\/5053"}],"wp:featuredmedia":[{"embeddable":true,"href":"https:\/\/nomadeculturale.com\/es\/wp-json\/wp\/v2\/media\/4854"}],"wp:attachment":[{"href":"https:\/\/nomadeculturale.com\/es\/wp-json\/wp\/v2\/media?parent=4833"}],"wp:term":[{"taxonomy":"category","embeddable":true,"href":"https:\/\/nomadeculturale.com\/es\/wp-json\/wp\/v2\/categories?post=4833"},{"taxonomy":"post_tag","embeddable":true,"href":"https:\/\/nomadeculturale.com\/es\/wp-json\/wp\/v2\/tags?post=4833"}],"curies":[{"name":"wp","href":"https:\/\/api.w.org\/{rel}","templated":true}]}}