{"id":4824,"date":"2025-10-05T14:12:00","date_gmt":"2025-10-05T13:12:00","guid":{"rendered":"https:\/\/nomadeculturale.com\/bairro-alto-a-lisbona\/"},"modified":"2025-04-07T12:24:22","modified_gmt":"2025-04-07T11:24:22","slug":"barrio-alto-lisboa-que-ver","status":"publish","type":"post","link":"https:\/\/nomadeculturale.com\/es\/barrio-alto-lisboa-que-ver\/","title":{"rendered":"Barrio Alto de Lisboa: Qu\u00e9 Ver, D\u00f3nde Comer y Como Llegar 2025"},"content":{"rendered":"\n<p>\u00bfEst\u00e1s pensando en <strong>visitar el Barrio Alto<\/strong> durante tu viaje a Lisboa?<\/p>\n\n\n\n<p>\u00bfTe preguntas si es una zona peligrosa, c\u00f3mo llegar o qu\u00e9 merece la pena ver?<\/p>\n\n\n\n<p>\u00a1Entonces est\u00e1s en el sitio adecuado! En esta entrada encontrar\u00e1s una gu\u00eda completa con todo lo que necesitas saber:<\/p>\n\n\n\n<ul class=\"wp-block-list\">\n<li><strong>Qu\u00e9 ver en el Barrio Alto<\/strong> (las paradas m\u00e1s ic\u00f3nicas e imprescindibles).<\/li>\n\n\n\n<li>La <strong>vida nocturna<\/strong> y los mejores bares y locales de la zona.<\/li>\n\n\n\n<li><strong>D\u00f3nde comer<\/strong> y los restaurantes m\u00e1s recomendables.<\/li>\n\n\n\n<li><strong>C\u00f3mo llegar<\/strong>&#8230; \u00a1y mucho m\u00e1s!<\/li>\n<\/ul>\n\n\n\n<p>\u00bfPreparado\/a para descubrir todo lo que este barrio con alma propia tiene para ofrecerte?<\/p>\n\n\n\n<p>\u00bfS\u00ed? \u00a1Pues vamos all\u00e1!<\/p>\n\n\n\n<h2 class=\"wp-block-heading\"><strong>Barrio Alto en resumen: qu\u00e9 te espera y si merece la pena visitarlo<\/strong><\/h2>\n\n\n\n<p>\u00bfVas con prisa y quieres saber de forma r\u00e1pida si el Barrio Alto merece la pena? Aqu\u00ed te dejo un resumen con lo m\u00e1s importante que encontrar\u00e1s en este art\u00edculo (aunque te recomiendo leerlo con calma cuando tengas un momento, porque incluye muchos m\u00e1s detalles \u00fatiles: horarios, precios, calles clave de la vida nocturna, locales recomendados \u00a1y mucho m\u00e1s!).<\/p>\n\n\n\n<figure class=\"wp-block-table\"><table class=\"has-fixed-layout\"><thead><tr><th><strong>Pregunta<\/strong><\/th><th><em><strong>Respuesta r\u00e1pida<\/strong><\/em><\/th><\/tr><\/thead><tbody><tr><td><strong>\u00bfPor qu\u00e9 es famoso el Barrio Alto?<\/strong><\/td><td>Por su vida nocturna, su atm\u00f3sfera \u00abdecadente\u00bb y alternativa, sus numerosos restaurantes t\u00edpicos, las terrazas panor\u00e1micas con vistas espectaculares de la ciudad.<\/td><\/tr><tr><td><strong>\u00bfC\u00f3mo llegar?<\/strong><\/td><td>Elevador da Gloria y Elevador da Bica: los dos funiculares que conectan la Baixa con el Barrio Alto.<\/td><\/tr><tr><td><strong>\u00bfAtracciones imprescindibles?<\/strong><\/td><td>Elevador da Gl\u00f3ria, Miradouro de S\u00e3o Pedro de Alc\u00e2ntara, Igreja de S\u00e3o Roque, Elevador da Bica, calles de la vida nocturna.<\/td><\/tr><tr><td><strong>\u00bfAlojarse en esta zona?<\/strong><\/td><td>Recomendado para quienes deseen vivir al m\u00e1ximo la vida nocturna de Lisboa. J\u00f3venes, parejas y grupos de amigos (<a href=\"https:\/\/www.booking.com\/searchresults.es.html?district=1945&amp;aid=2290770&amp;no_rooms=1&amp;group_adults=2&amp;label=nomade_lisboa_bairroalto_post\" target=\"_blank\" rel=\"noreferrer noopener nofollow\"><strong>Consulta aqu\u00ed los alojamientos en la zona<\/strong><\/a>).<\/td><\/tr><tr><td><strong>\u00bfAlojamientos y hoteles recomendados?<\/strong><\/td><td>\u2b50<strong>Econ\u00f3mico<\/strong> \u2013 <a href=\"https:\/\/www.booking.com\/hotel\/pt\/the-independente-hostel-suites.es.html?aid=2290770&amp;no_rooms=1&amp;group_adults=2&amp;label=nomade_lisboa_bairroalto_post\" target=\"_blank\" rel=\"noreferrer noopener nofollow\"><strong>Independente Principe Real<\/strong><\/a> \/ \u2b50\u2b50<strong>Gama media<\/strong> \u2013 <strong><a href=\"https:\/\/www.booking.com\/hotel\/pt\/bronzes-de-arte.es.html?aid=2290770&amp;no_rooms=1&amp;group_adults=2&amp;label=nomade_lisboa_bairroalto_post\" target=\"_blank\" rel=\"noreferrer noopener nofollow\">Bairro Alto Bronze Art Apartments<\/a><\/strong> \/ \u2b50\u2b50\u2b50<strong>Lujoso<\/strong> \u2013 <a href=\"https:\/\/www.booking.com\/hotel\/pt\/the-lumiares.es.html?aid=2290770&amp;no_rooms=1&amp;group_adults=2&amp;label=nomade_lisboa_bairroalto_post\" target=\"_blank\" rel=\"noreferrer noopener nofollow\"><strong>The Lumiares Hotel &amp; Spa<\/strong><\/a><\/td><\/tr><tr><td><strong>\u00bfEl Barrio Alto de Lisboa es peligroso?<\/strong><\/td><td><strong>No, en absoluto.<\/strong> Aunque es conocido por su animada vida nocturna, el ambiente en el Barrio Alto suele ser <strong>tranquilo, festivo y muy amigable<\/strong>. <\/td><\/tr><\/tbody><\/table><\/figure>\n\n\n\n<h2 class=\"wp-block-heading\"><strong>Qu\u00e9 ver en el barrio de Barrio Alto en Lisboa: 10 atracciones y mapa<\/strong><\/h2>\n\n\n\n<p>En esta primera secci\u00f3n descubrimos las principales atracciones y cosas que hacer en el Barrio Alto. Te dejo tambi\u00e9n un mapa del barrio con los diversos puntos de inter\u00e9s se\u00f1alados:<\/p>\n\n\n\n<iframe loading=\"lazy\" src=\"https:\/\/www.google.com\/maps\/d\/u\/0\/embed?mid=1ICb76phOAP793lf_wUXyEUumnqq8YRA&#038;ehbc=2E312F&#038;noprof=1\" width=\"640\" height=\"480\"><\/iframe>\n\n\n\n<ol class=\"wp-block-list\">\n<li><strong>Elevador da Gl\u00f3ria<\/strong><\/li>\n\n\n\n<li><strong>Miradouro de S\u00e3o Pedro de Alc\u00e2ntara<\/strong><\/li>\n\n\n\n<li><strong>Pub Crawl<\/strong> con salida desde Pra\u00e7a Luis de Cam\u00f5es<\/li>\n\n\n\n<li><strong>Jard\u00edn Bot\u00e1nico de Lisboa<\/strong><\/li>\n\n\n\n<li><strong>Inglesia de San Roque<\/strong><\/li>\n\n\n\n<li><strong>Elevador da Bica<\/strong><\/li>\n\n\n\n<li><strong>Convento dos Cardaes<\/strong><\/li>\n\n\n\n<li><strong>Manteigaria<\/strong><\/li>\n\n\n\n<li><strong>Tasca do Chico<\/strong><\/li>\n\n\n\n<li><strong>Museo de la Farmacia de Santa Catalina<\/strong><\/li>\n<\/ol>\n\n\n<style>.kadence-column4824_18bbd9-50 > .kt-inside-inner-col{padding-top:var(--global-kb-spacing-xs, 1rem);padding-right:var(--global-kb-spacing-xs, 1rem);padding-bottom:var(--global-kb-spacing-xs, 1rem);padding-left:var(--global-kb-spacing-xs, 1rem);}.kadence-column4824_18bbd9-50 > .kt-inside-inner-col,.kadence-column4824_18bbd9-50 > .kt-inside-inner-col:before{border-top-left-radius:0px;border-top-right-radius:0px;border-bottom-right-radius:0px;border-bottom-left-radius:0px;}.kadence-column4824_18bbd9-50 > .kt-inside-inner-col{column-gap:var(--global-kb-gap-sm, 1rem);}.kadence-column4824_18bbd9-50 > .kt-inside-inner-col{flex-direction:column;}.kadence-column4824_18bbd9-50 > .kt-inside-inner-col > .aligncenter{width:100%;}.kadence-column4824_18bbd9-50 > .kt-inside-inner-col{background-color:rgba(255, 188, 64, 0.15);}.kadence-column4824_18bbd9-50 > .kt-inside-inner-col:before{opacity:0.3;}.kadence-column4824_18bbd9-50{position:relative;}.kadence-column4824_18bbd9-50, .kt-inside-inner-col > .kadence-column4824_18bbd9-50:not(.specificity){margin-top:var(--global-kb-spacing-xxs, 0.5rem);margin-bottom:var(--global-kb-spacing-xs, 1rem);}@media all and (max-width: 1024px){.kadence-column4824_18bbd9-50 > .kt-inside-inner-col{flex-direction:column;justify-content:center;}}@media all and (max-width: 767px){.kadence-column4824_18bbd9-50 > .kt-inside-inner-col{flex-direction:column;justify-content:center;}}<\/style>\n<div class=\"wp-block-kadence-column kadence-column4824_18bbd9-50\"><div class=\"kt-inside-inner-col\">\n<p class=\"has-medium-font-size\"><em><strong>\u00bfQuieres descubrir los dem\u00e1s barrios de la ciudad?<\/strong> Aqu\u00ed tienes una gu\u00eda completa: <strong><a href=\"https:\/\/nomadeculturale.com\/es\/barrios-de-lisboa-para-visitar\/\" target=\"_blank\" data-type=\"post\" data-id=\"4833\" rel=\"noreferrer noopener\">Mejores barrios de Lisboa para visitar<\/a><\/strong><\/em><\/p>\n<\/div><\/div>\n\n\n\n<h3 class=\"wp-block-heading\"><strong>Sube al Barrio Alto con el Elevador da Gl\u00f3ria<\/strong><\/h3>\n\n\n\n<figure class=\"wp-block-image size-large\"><img loading=\"lazy\" decoding=\"async\" width=\"1024\" height=\"768\" src=\"https:\/\/nomadeculturale.com\/wp-content\/uploads\/2024\/08\/Elevador-de-Gloria-en-el-Barrio-Alto-Lisboa-1024x768.jpg\" alt=\"Elevador de Gloria en el Barrio Alto, Lisboa\" class=\"wp-image-4902\" srcset=\"https:\/\/nomadeculturale.com\/wp-content\/uploads\/2024\/08\/Elevador-de-Gloria-en-el-Barrio-Alto-Lisboa-1024x768.jpg 1024w, https:\/\/nomadeculturale.com\/wp-content\/uploads\/2024\/08\/Elevador-de-Gloria-en-el-Barrio-Alto-Lisboa-300x225.jpg 300w, https:\/\/nomadeculturale.com\/wp-content\/uploads\/2024\/08\/Elevador-de-Gloria-en-el-Barrio-Alto-Lisboa-768x576.jpg 768w, https:\/\/nomadeculturale.com\/wp-content\/uploads\/2024\/08\/Elevador-de-Gloria-en-el-Barrio-Alto-Lisboa-1536x1152.jpg 1536w, https:\/\/nomadeculturale.com\/wp-content\/uploads\/2024\/08\/Elevador-de-Gloria-en-el-Barrio-Alto-Lisboa.jpg 1600w\" sizes=\"auto, (max-width: 1024px) 100vw, 1024px\" \/><\/figure>\n\n\n\n<p>Empezamos con la primera parada, que adem\u00e1s es <strong>una de las formas m\u00e1s aut\u00e9nticas de llegar al Barrio Alto<\/strong>.<\/p>\n\n\n\n<p>Hablamos, por supuesto, del ic\u00f3nico <strong>Elevador da Gl\u00f3ria<\/strong>, un funicular que conecta el <strong><a href=\"https:\/\/nomadeculturale.com\/es\/barrio-baixa-lisboa-que-ver\/\" target=\"_blank\" data-type=\"post\" data-id=\"4818\" rel=\"noreferrer noopener\">barrio Baixa<\/a><\/strong> con la parte alta de Lisboa.<\/p>\n\n\n\n<p>Inaugurado en <strong>1885<\/strong>, este pintoresco transporte parte de la Pra\u00e7a dos Restauradores y asciende durante 265 metros por una cuesta bastante empinada hasta llegar al mirador de S\u00e3o Pedro de Alc\u00e2ntara.<\/p>\n\n\n\n<p><em>\u00bfY por qu\u00e9 es tan famoso?<\/em><\/p>\n\n\n\n<p>Lo que hace \u00fanico al Elevador da Gl\u00f3ria es su capacidad de transformar una subida fatigosa en una experiencia rom\u00e1ntica y nost\u00e1lgica.<\/p>\n\n\n\n<p>El medio afronta <strong>una pendiente de casi el 20%<\/strong> y un desnivel de unos 44 metros en sus 3 minutos de subida.<\/p>\n\n\n\n<p>Adem\u00e1s, el elevador es un <strong>medio vintage<\/strong> y mantiene inalteradas las caracter\u00edsticas originales de 1915 (cuando el medio se volvi\u00f3 el\u00e9ctrico).<\/p>\n\n\n\n<p>Al llegar arriba, te encontrar\u00e1s en el Jardim de S\u00e3o Pedro de Alc\u00e2ntara, uno de los mejores puntos panor\u00e1micos de la ciudad \u2014 atracci\u00f3n de la que hablamos en el siguiente punto.<\/p>\n\n\n\n<h3 class=\"wp-block-heading\"><strong>Admira el panorama desde el Miradouro de S\u00e3o Pedro de Alc\u00e2ntara<\/strong><\/h3>\n\n\n\n<figure class=\"wp-block-image size-large\"><img loading=\"lazy\" decoding=\"async\" width=\"1024\" height=\"768\" src=\"https:\/\/nomadeculturale.com\/wp-content\/uploads\/2024\/08\/Vistas-desde-el-Miradouro-de-Sao-Pedro-de-Alcantara-Barrio-Alto-Lisboa-1024x768.jpg\" alt=\"Vistas desde el Miradouro de Sao Pedro de Alcantara, Barrio Alto, Lisboa\" class=\"wp-image-4920\" srcset=\"https:\/\/nomadeculturale.com\/wp-content\/uploads\/2024\/08\/Vistas-desde-el-Miradouro-de-Sao-Pedro-de-Alcantara-Barrio-Alto-Lisboa-1024x768.jpg 1024w, https:\/\/nomadeculturale.com\/wp-content\/uploads\/2024\/08\/Vistas-desde-el-Miradouro-de-Sao-Pedro-de-Alcantara-Barrio-Alto-Lisboa-300x225.jpg 300w, https:\/\/nomadeculturale.com\/wp-content\/uploads\/2024\/08\/Vistas-desde-el-Miradouro-de-Sao-Pedro-de-Alcantara-Barrio-Alto-Lisboa-768x576.jpg 768w, https:\/\/nomadeculturale.com\/wp-content\/uploads\/2024\/08\/Vistas-desde-el-Miradouro-de-Sao-Pedro-de-Alcantara-Barrio-Alto-Lisboa-1536x1152.jpg 1536w, https:\/\/nomadeculturale.com\/wp-content\/uploads\/2024\/08\/Vistas-desde-el-Miradouro-de-Sao-Pedro-de-Alcantara-Barrio-Alto-Lisboa.jpg 1600w\" sizes=\"auto, (max-width: 1024px) 100vw, 1024px\" \/><\/figure>\n\n\n\n<p>\u00bfQu\u00e9 ver en el barrio de Barrio Alto? A pocos pasos de la parada del Elevador da Gl\u00f3ria, encuentras <strong>una de las terrazas panor\u00e1micas m\u00e1s bonitas y sugestivas de Lisboa<\/strong>: el Miradouro de S\u00e3o Pedro de Alc\u00e2ntara.<\/p>\n\n\n\n<p>La ciudad es conocida por sus \u00abmiradouros\u00bb, puntos panor\u00e1micos que regalan vistas a cual m\u00e1s espectacular.<\/p>\n\n\n\n<p>Estos miradores deben su existencia a la particular <strong>conformaci\u00f3n de Lisboa<\/strong> que, como nuestra Roma, <strong>se desarrolla sobre siete colinas<\/strong>.<\/p>\n\n\n\n<p>El Miradouro de S\u00e3o Pedro de Alc\u00e2ntara se encuentra en dos niveles y est\u00e1 rodeado por un encantador jard\u00edn geom\u00e9trico. Dentro del jard\u00edn puedes admirar estatuas de h\u00e9roes y divinidades de la mitolog\u00eda griega y romana, como Minerva y Ulises.<\/p>\n\n\n\n<p>La <strong>terraza superior<\/strong>, en cambio, alberga un quiosco donde puedes tomar una cerveza o un c\u00f3ctel y beberlo admirando la vista espectacular que se abre ante tus ojos.<\/p>\n\n\n\n<p>Desde el miradouro, de hecho, podr\u00e1s ver <strong>gran parte del centro hist\u00f3rico de Lisboa<\/strong>. En primer plano se alza el <strong>Castillo de S\u00e3o Jorge<\/strong>, con sus imponentes murallas que dominan la colina del <strong><a href=\"\/es\/?p=4801\" target=\"_blank\" rel=\"noreferrer noopener\">barrio de Alfama<\/a><\/strong>.<\/p>\n\n\n\n<p>M\u00e1s abajo, puedes divisar el laberinto de callejuelas y tejados rojos del mismo barrio, que se encuentra en una posici\u00f3n opuesta al Barrio Alto. Hacia el oeste, la vista se abre sobre la <strong>elegante Avenida da Liberdade y la Baixa<\/strong>. Un panel de azulejos te ayuda a identificar los principales puntos de inter\u00e9s visibles desde aqu\u00ed.<\/p>\n\n\n\n<p><em>No faltan adem\u00e1s los artistas callejeros, por ejemplo durante mi \u00faltima visita encontr\u00e9 a un tipo extra\u00f1o que creaba burbujas de jab\u00f3n gigantes, que luego hac\u00eda explotar sobre la gente, je je.<\/em><\/p>\n\n\n\n<h3 class=\"wp-block-heading\"><strong>\u00danete a un pub crawl por el Bairro Alto<\/strong><\/h3>\n\n\n\n<figure class=\"wp-block-image size-large\"><img loading=\"lazy\" decoding=\"async\" width=\"1024\" height=\"768\" src=\"https:\/\/nomadeculturale.com\/wp-content\/uploads\/2024\/08\/Pub-Crawl-en-Lisboa-1024x768.jpg\" alt=\"Pub Crawl en Lisboa\" class=\"wp-image-4914\" srcset=\"https:\/\/nomadeculturale.com\/wp-content\/uploads\/2024\/08\/Pub-Crawl-en-Lisboa-1024x768.jpg 1024w, https:\/\/nomadeculturale.com\/wp-content\/uploads\/2024\/08\/Pub-Crawl-en-Lisboa-300x225.jpg 300w, https:\/\/nomadeculturale.com\/wp-content\/uploads\/2024\/08\/Pub-Crawl-en-Lisboa-768x576.jpg 768w, https:\/\/nomadeculturale.com\/wp-content\/uploads\/2024\/08\/Pub-Crawl-en-Lisboa-1536x1152.jpg 1536w, https:\/\/nomadeculturale.com\/wp-content\/uploads\/2024\/08\/Pub-Crawl-en-Lisboa.jpg 1600w\" sizes=\"auto, (max-width: 1024px) 100vw, 1024px\" \/><\/figure>\n\n\n\n<p>\u00bfQu\u00e9 hacer en el barrio de Bairro Alto?<\/p>\n\n\n\n<p>Una de las experiencias m\u00e1s bonitas que tuve fue <a href=\"https:\/\/www.getyourguide.es\/lisboa-l42\/lisboa-pub-crawl-con-barra-libre-y-entrada-al-club-vip-t55588\/?partner_id=KC753P7&amp;utm_medium=online_publisher&amp;cmp=nomade_lisboa_bairroalto_post\" target=\"_blank\" rel=\"noreferrer noopener nofollow\"><strong>participar en un pub crawl<\/strong><\/a> durante mi visita en abril de 2024.<\/p>\n\n\n\n<p><em>\u00bfPero qu\u00e9 es exactamente?<\/em><\/p>\n\n\n\n<p>Un pub crawl es, en pocas palabras, un <a href=\"https:\/\/www.getyourguide.es\/lisboa-l42\/lisboa-pub-crawl-con-barra-libre-y-entrada-al-club-vip-t55588\/?partner_id=KC753P7&amp;utm_medium=online_publisher&amp;cmp=nomade_lisboa_bairroalto_post\" target=\"_blank\" rel=\"noreferrer noopener nofollow\"><strong>tour por bares y locales nocturnos<\/strong><\/a>, donde los participantes se mueven de un local a otro para beber y socializar, <strong>acompa\u00f1ados por uno o m\u00e1s gu\u00edas locales<\/strong>.<\/p>\n\n\n\n<p>Lisboa es famosa por su interesante vida nocturna, considerada entre las mejores de Europa, y el Bairro Alto, como quiz\u00e1s sepas, es su centro neur\u00e1lgico.<\/p>\n\n\n\n<p>Participar en un pub crawl te permite descubrir los locales m\u00e1s interesantes de la ciudad, conocer a nuevas personas de todo el mundo y ahorrar bastante dinero.<\/p>\n\n\n\n<p>Por ejemplo, el <strong>pub crawl en el que particip\u00e9 yo<\/strong> inclu\u00eda la visita a 3 bares y finalmente a una discoteca exclusiva. El precio inclu\u00eda la entrada a los locales, chupitos gratis, 1 hora de barra libre, descuentos en todos los locales y el acceso gratuito y sin hacer cola a la discoteca (en mi caso era el K Urban Beach Club).<\/p>\n\n\n\n<p><strong>\u00bfC\u00f3mo se reserva?<\/strong> Puedes hacerlo directamente <a href=\"https:\/\/www.getyourguide.es\/lisboa-l42\/lisboa-pub-crawl-con-barra-libre-y-entrada-al-club-vip-t55588\/?partner_id=KC753P7&amp;utm_medium=online_publisher&amp;cmp=nomade_lisboa_bairroalto_post\" target=\"_blank\" rel=\"noreferrer noopener nofollow\"><strong>online en este sitio<\/strong><\/a><\/p>\n\n\n\n<h3 class=\"wp-block-heading\"><strong>Visita el Jard\u00edn Bot\u00e1nico de Lisboa<\/strong><\/h3>\n\n\n\n<p>Otra atracci\u00f3n que ver en el Barrio Alto es su Jardim Bot\u00e2nico de Lisboa, un fascinante jard\u00edn bot\u00e1nico que alberga una <strong>extraordinaria colecci\u00f3n de plantas procedentes de todo el mundo<\/strong>.<\/p>\n\n\n\n<p>El espacio fue creado en <strong>1873<\/strong> y abierto al p\u00fablico en 1878, sobre una extensi\u00f3n de unos <strong>4 hect\u00e1reas<\/strong> que forma parte del Museo Nacional de Historia Natural y Ciencia de la Universidad de Lisboa.<\/p>\n\n\n\n<p>El jard\u00edn fue dise\u00f1ado para apoyar la ense\u00f1anza y la investigaci\u00f3n bot\u00e1nica. Sus primeros conservadores, el alem\u00e1n Edmund Go\u00ebze y el franc\u00e9s Jules Daveau, recolectaron durante su carrera una amplia variedad de <strong>especies vegetales de todos los territorios bajo dominio portugu\u00e9s<\/strong> de la \u00e9poca y las trajeron a este jard\u00edn.<\/p>\n\n\n\n<p>A lo largo de los a\u00f1os, el jard\u00edn se ha enriquecido con nuevas especies y estructuras, como el Herbario (1942) y un nuevo invernadero (1962).<\/p>\n\n\n\n<p><em>\u00bfQu\u00e9 ver durante la visita al Jardim Bot\u00e2nico de Lisboa?<\/em><\/p>\n\n\n\n<ul class=\"wp-block-list\">\n<li>La secci\u00f3n llana dedicada a la <strong>bot\u00e1nica sistem\u00e1tica<\/strong>.<\/li>\n\n\n\n<li>La pendiente, que alberga el <strong>Arboreto<\/strong> con una colecci\u00f3n de \u00e1rboles y arbustos.<\/li>\n\n\n\n<li>La <strong>notable variedad de palmeras<\/strong> y la colecci\u00f3n \u00fanica de <strong>Cycadaceae<\/strong>.<\/li>\n\n\n\n<li>Especies vegetales procedentes de Nueva Zelanda, Australia, China, Jap\u00f3n y Sudam\u00e9rica.<\/li>\n<\/ul>\n\n\n\n<p><strong>La parte m\u00e1s interesante para m\u00ed fue sin duda el invernadero de mariposas<\/strong>, en el que se puede entrar y admirarlas en toda su belleza mientras vuelan libres.<\/p>\n\n\n\n<h3 class=\"wp-block-heading\"><strong>Descubre la majestuosa Inglesia de San Roque<\/strong><\/h3>\n\n\n\n<figure class=\"wp-block-image size-large\"><img loading=\"lazy\" decoding=\"async\" width=\"1024\" height=\"768\" src=\"https:\/\/nomadeculturale.com\/wp-content\/uploads\/2024\/08\/Inglesia-de-San-Roque-en-Lisboa-1024x768.jpg\" alt=\"Inglesia de San Roque en Lisboa\" class=\"wp-image-4905\" srcset=\"https:\/\/nomadeculturale.com\/wp-content\/uploads\/2024\/08\/Inglesia-de-San-Roque-en-Lisboa-1024x768.jpg 1024w, https:\/\/nomadeculturale.com\/wp-content\/uploads\/2024\/08\/Inglesia-de-San-Roque-en-Lisboa-300x225.jpg 300w, https:\/\/nomadeculturale.com\/wp-content\/uploads\/2024\/08\/Inglesia-de-San-Roque-en-Lisboa-768x576.jpg 768w, https:\/\/nomadeculturale.com\/wp-content\/uploads\/2024\/08\/Inglesia-de-San-Roque-en-Lisboa-1536x1152.jpg 1536w, https:\/\/nomadeculturale.com\/wp-content\/uploads\/2024\/08\/Inglesia-de-San-Roque-en-Lisboa.jpg 1600w\" sizes=\"auto, (max-width: 1024px) 100vw, 1024px\" \/><\/figure>\n\n\n\n<p>Uno de los ejemplos m\u00e1s importantes del barroco portugu\u00e9s est\u00e1 representado por la maravillosa Iglesia de San Roque o \u00abIgreja de S\u00e3o Roque\u00bb, situada tambi\u00e9n en el barrio de Barrio Alto.<\/p>\n\n\n\n<p>Construida en el siglo XVI, fue la primera iglesia jesuita en Portugal y una de las primeras en el mundo.<\/p>\n\n\n\n<p><em>\u00bfPor qu\u00e9 visitarla?<\/em><\/p>\n\n\n\n<p>En primer lugar, por el <strong>contraste entre el exterior y el interior<\/strong>.<\/p>\n\n\n\n<p>De hecho, mientras la fachada exterior es austera y sencilla y sigue los c\u00e1nones de la orden jesuita,<\/p>\n\n\n\n<p>nada m\u00e1s cruzar el umbral, te encontrar\u00e1s inmerso en un ambiente de extraordinaria riqueza. <strong>El interior<\/strong> es un derroche de m\u00e1rmoles preciosos, tallas de madera dorada, lienzos y paneles de azulejos que crean una <strong>atm\u00f3sfera escenogr\u00e1fica impresionante<\/strong>.<\/p>\n\n\n\n<p>\u00bfQu\u00e9 m\u00e1s ver?<\/p>\n\n\n\n<p>La iglesia alberga varias capillas; la m\u00e1s famosa es la <strong>Capilla de San Juan Bautista<\/strong>, considerada una <strong>obra maestra absoluta del barroco<\/strong>.<\/p>\n\n\n\n<p>El techo de la nave principal es otra maravilla para los ojos. De hecho, est\u00e1 decorado con frescos de extraordinaria belleza, realizados por Francisco Venegas en 1588-89, y representa escenas religiosas con una maestr\u00eda incre\u00edble.<\/p>\n\n\n\n<p>En el interior de la iglesia puedes admirar adem\u00e1s <strong>numerosas obras de arte de gran valor<\/strong>. Entre ellas, destacan los paneles de <strong>azulejos<\/strong> de Francisco de Matos en la Capilla de S\u00e3o Roque, fechados en 1584 y considerados entre los primeros ejemplos de azulejos portugueses realizados con la t\u00e9cnica de la may\u00f3lica.<\/p>\n\n\n\n<ul class=\"wp-block-list\">\n<li><strong>Entradas<\/strong>: la entrada a la iglesia es gratuita, la entrada al museo cuesta 10\u20ac tarifa completa y 5\u20ac reducida (mayores de 65, estudiantes, lisboa card).<\/li>\n\n\n\n<li><strong>Horarios<\/strong>: martes-domingo de 10:00 a 18:00 o 19:00 seg\u00fan el periodo.<\/li>\n\n\n\n<li><strong>Ubicaci\u00f3n<\/strong>: Largo Trindade Coelho (<a href=\"https:\/\/maps.app.goo.gl\/fuZTQSbR1Unjjzd7A\" target=\"_blank\" rel=\"noreferrer noopener\">ubicaci\u00f3n<\/a>).<\/li>\n<\/ul>\n\n\n\n<h3 class=\"wp-block-heading\"><strong>Sube en el pintoresco funicular \u00abElevador da Bica\u00bb<\/strong><\/h3>\n\n\n\n<figure class=\"wp-block-image size-large\"><img loading=\"lazy\" decoding=\"async\" width=\"1024\" height=\"768\" src=\"https:\/\/nomadeculturale.com\/wp-content\/uploads\/2024\/08\/Elevador-da-Bica-Barrio-Alto-Lisboa-1024x768.jpg\" alt=\"Elevador da Bica, Barrio Alto, Lisboa\" class=\"wp-image-4899\" srcset=\"https:\/\/nomadeculturale.com\/wp-content\/uploads\/2024\/08\/Elevador-da-Bica-Barrio-Alto-Lisboa-1024x768.jpg 1024w, https:\/\/nomadeculturale.com\/wp-content\/uploads\/2024\/08\/Elevador-da-Bica-Barrio-Alto-Lisboa-300x225.jpg 300w, https:\/\/nomadeculturale.com\/wp-content\/uploads\/2024\/08\/Elevador-da-Bica-Barrio-Alto-Lisboa-768x576.jpg 768w, https:\/\/nomadeculturale.com\/wp-content\/uploads\/2024\/08\/Elevador-da-Bica-Barrio-Alto-Lisboa-1536x1152.jpg 1536w, https:\/\/nomadeculturale.com\/wp-content\/uploads\/2024\/08\/Elevador-da-Bica-Barrio-Alto-Lisboa.jpg 1600w\" sizes=\"auto, (max-width: 1024px) 100vw, 1024px\" \/><\/figure>\n\n\n\n<p>Antes te he hablado del Elevador da Gl\u00f3ria, pero no es el \u00fanico funicular situado en el barrio.<\/p>\n\n\n\n<p>Otro muy famoso, de hecho, y que te aconsejo probar, es el <strong>Elevador da Bica<\/strong>.<\/p>\n\n\n\n<p>Este <strong>conecta la Rua de S\u00e3o Paulo, en la zona de la Baixa, con el Barrio Alto<\/strong>.<\/p>\n\n\n\n<p>Se trata tambi\u00e9n en este caso de un medio <strong>vintage<\/strong>, inaugurado en <strong>1892<\/strong> y dise\u00f1ado por el ingeniero Raoul Mesnier de Ponsard. Junto con el Elevador da Gl\u00f3ria es uno de los tres funiculares hist\u00f3ricos de Lisboa.<\/p>\n\n\n\n<p>El Elevador da Bica es <strong>c\u00e9lebre por su recorrido pintoresco a lo largo de la Rua da Bica de Duarte Belo<\/strong>, una de las calles m\u00e1s fotografiadas e \u00abinstagrameables\u00bb de la ciudad. Durante la subida, el funicular amarillo trepa lentamente entre casas coloridas y balcones floridos, ofreciendo vistas sugestivas sobre el r\u00edo Tajo.<\/p>\n\n\n\n<h3 class=\"wp-block-heading\"><strong>Visita el Convento dos Cardaes<\/strong><\/h3>\n\n\n\n<p>Otra atracci\u00f3n que merece la pena ver en el <strong>barrio de Barrio Alto<\/strong> es el <strong>Convento dos Cardaes<\/strong>.<\/p>\n\n\n\n<p>Fundado en <strong>1681<\/strong> para las monjas carmelitas descalzas, este convento es famoso por haber sobrevivido casi intacto al devastador terremoto de 1755. Es uno de los pocos edificios barrocos que se salvaron durante el catastr\u00f3fico evento.<\/p>\n\n\n\n<p>El exterior del convento se presenta <strong>austero<\/strong>, sin embargo, al cruzar el umbral, te encontrar\u00e1s inmerso en un ambiente rico en <strong>elementos decorativos<\/strong>.<\/p>\n\n\n\n<p>Las paredes est\u00e1n revestidas de extraordinarios paneles de <strong>azulejos portugueses y holandeses<\/strong>, que contrastan con la sobriedad del exterior.<\/p>\n\n\n\n<p>Durante la visita, podr\u00e1s admirar el <strong>coro alto<\/strong> del convento, desde donde las monjas asist\u00edan a las celebraciones sin ser vistas.<\/p>\n\n\n\n<p>Otro elemento de gran valor es el <strong>\u00f3rgano del siglo XVIII<\/strong>, considerado una de las piezas m\u00e1s preciosas del convento.<\/p>\n\n\n\n<h3 class=\"wp-block-heading\"><strong>Prueba los pasteles de nata de Manteigaria<\/strong><\/h3>\n\n\n\n<figure class=\"wp-block-image size-large\"><img loading=\"lazy\" decoding=\"async\" width=\"1024\" height=\"768\" src=\"https:\/\/nomadeculturale.com\/wp-content\/uploads\/2024\/08\/Pasteles-de-Nata-1024x768.jpg\" alt=\"Pasteles de Nata\" class=\"wp-image-4911\" srcset=\"https:\/\/nomadeculturale.com\/wp-content\/uploads\/2024\/08\/Pasteles-de-Nata-1024x768.jpg 1024w, https:\/\/nomadeculturale.com\/wp-content\/uploads\/2024\/08\/Pasteles-de-Nata-300x225.jpg 300w, https:\/\/nomadeculturale.com\/wp-content\/uploads\/2024\/08\/Pasteles-de-Nata-768x576.jpg 768w, https:\/\/nomadeculturale.com\/wp-content\/uploads\/2024\/08\/Pasteles-de-Nata-1536x1152.jpg 1536w, https:\/\/nomadeculturale.com\/wp-content\/uploads\/2024\/08\/Pasteles-de-Nata.jpg 1600w\" sizes=\"auto, (max-width: 1024px) 100vw, 1024px\" \/><\/figure>\n\n\n\n<p>Dentro del barrio de Barrio Alto, encontramos una de las pasteler\u00edas m\u00e1s renombradas de Lisboa y uno de los mejores lugares para probar los c\u00e9lebres past\u00e9is de nata.<\/p>\n\n\n\n<p>\u00bfQu\u00e9 son exactamente? Para aquellos que no lo saben, los past\u00e9is de nata son unos dulces de hojaldre rellenos de crema y espolvoreados con az\u00facar y canela. Son crujientes por fuera y suaves y calientes por dentro. Y te lo aseguro, \u00a1uno lleva a otro!<\/p>\n\n\n\n<p>Manteigaria vende una versi\u00f3n excepcional del famoso dulce portugu\u00e9s, con un relleno perfectamente cremoso y una masa crujiente y dorada.<\/p>\n\n\n\n<p>Adem\u00e1s, la \u00abcocina\u00bb est\u00e1 a la vista, y mientras disfrutas de tus past\u00e9is, podr\u00e1s observar con curiosidad el proceso de preparaci\u00f3n y ver a los pasteleros en acci\u00f3n mientras mezclan los ingredientes, vierten el relleno en las masas y hornean el c\u00e9lebre dulce s\u00edmbolo de Portugal.<\/p>\n\n\n\n<h3 class=\"wp-block-heading\"><strong>Asiste a un espect\u00e1culo de fado en una tasca del Barrio Alto<\/strong><\/h3>\n\n\n\n<p>Continuamos este recorrido de cosas que hacer y ver en el Barrio Alto con una de mis actividades favoritas.<\/p>\n\n\n\n<p>Lisboa, como quiz\u00e1s sabes, es famosa por muchas cosas: los miradouros, la buena comida, la Era de los Descubrimientos y, por supuesto, \u00a1el <strong>fado<\/strong>!<\/p>\n\n\n\n<p>El fado es un g\u00e9nero musical nacido en Lisboa en el siglo XIX, caracterizado por melod\u00edas <strong>melanc\u00f3licas<\/strong> y letras que hablan de <strong>amor<\/strong>, <strong>nostalgia<\/strong> y <strong>fatalismo<\/strong>. Se considera la expresi\u00f3n musical del alma portuguesa, y por eso en 2011 la UNESCO lo declar\u00f3 <strong>Patrimonio Inmaterial de la Humanidad.<\/strong><\/p>\n\n\n\n<p>Una de las experiencias m\u00e1s <strong>t\u00edpicas<\/strong> y <strong>fascinantes<\/strong> que puedes tener en Lisboa es asistir a un espect\u00e1culo de fado.<\/p>\n\n\n\n<p>Hay varias formas de hacerlo: en las <strong>casas de fado<\/strong> (restaurantes renombrados con artistas profesionales), en teatros o en las <strong>tascas<\/strong>, sencillas tabernas de gesti\u00f3n familiar donde act\u00faan artistas aficionados, a menudo los propios due\u00f1os o sus amigos.<\/p>\n\n\n\n<p>El <strong>barrio de Barrio Alto<\/strong>, coraz\u00f3n de la vida nocturna de Lisboa, alberga muchos locales famosos por los espect\u00e1culos de fado. Aqu\u00ed tienes tres locales que te recomiendo probar:<\/p>\n\n\n\n<ol class=\"wp-block-list\">\n<li><strong>Tasca do Chico<\/strong>: una de las tascas m\u00e1s famosas de Lisboa, tiene dos sedes (Barrio Alto y Alfama). Local peque\u00f1o y tradicional, ha visto actuar a grandes nombres del fado moderno cuando a\u00fan eran desconocidos. Espect\u00e1culos a partir de las 21:00, coste medio 15-25\u20ac por persona (<a href=\"https:\/\/maps.app.goo.gl\/KbGudsQx5cnu5yzR6\" target=\"_blank\" rel=\"noreferrer noopener\">ubicaci\u00f3n<\/a>).<\/li>\n\n\n\n<li><strong>Adega Machado<\/strong>: quiz\u00e1s la casa de fado m\u00e1s antigua de Lisboa. Entre estas paredes han cantado leyendas como Am\u00e1lia Rodrigues y Mariza. Ambiente elegante, men\u00fa desde 60\u20ac por persona (<a href=\"https:\/\/maps.app.goo.gl\/ZeXYfFzX1WsSuN5C6\" target=\"_blank\" rel=\"noreferrer noopener\">ubicaci\u00f3n<\/a>).<\/li>\n\n\n\n<li><strong>A Severa<\/strong>: toma su nombre de la famosa cantante de fado Maria Severa Onofriana. Restaurante muy conocido en el Barrio Alto, ofrece excelente comida y excelentes espect\u00e1culos de fado. Men\u00fa con gasto m\u00ednimo de 45\u20ac por persona (<a href=\"https:\/\/maps.app.goo.gl\/Q9MLknuPVmqWASLe8\" target=\"_blank\" rel=\"noreferrer noopener\">ubicaci\u00f3n<\/a>).<\/li>\n<\/ol>\n\n\n\n<h3 class=\"wp-block-heading\"><strong>Visita el Museu da Farm\u00e1cia de Lisboa<\/strong><\/h3>\n\n\n\n<figure class=\"wp-block-image size-large\"><img loading=\"lazy\" decoding=\"async\" width=\"1024\" height=\"768\" src=\"https:\/\/nomadeculturale.com\/wp-content\/uploads\/2024\/08\/Museo-de-la-Farmacia-Barrio-Alto-Lisboa-1024x768.jpg\" alt=\"Museo de la Farmacia, Barrio Alto, Lisboa\" class=\"wp-image-4908\" srcset=\"https:\/\/nomadeculturale.com\/wp-content\/uploads\/2024\/08\/Museo-de-la-Farmacia-Barrio-Alto-Lisboa-1024x768.jpg 1024w, https:\/\/nomadeculturale.com\/wp-content\/uploads\/2024\/08\/Museo-de-la-Farmacia-Barrio-Alto-Lisboa-300x225.jpg 300w, https:\/\/nomadeculturale.com\/wp-content\/uploads\/2024\/08\/Museo-de-la-Farmacia-Barrio-Alto-Lisboa-768x576.jpg 768w, https:\/\/nomadeculturale.com\/wp-content\/uploads\/2024\/08\/Museo-de-la-Farmacia-Barrio-Alto-Lisboa-1536x1152.jpg 1536w, https:\/\/nomadeculturale.com\/wp-content\/uploads\/2024\/08\/Museo-de-la-Farmacia-Barrio-Alto-Lisboa.jpg 1600w\" sizes=\"auto, (max-width: 1024px) 100vw, 1024px\" \/><\/figure>\n\n\n\n<p>Finalmente quiero hablarte del Museu da Farm\u00e1cia.<\/p>\n\n\n\n<p>Una galer\u00eda particular, dedicada a la historia de la farmacia y la medicina en Portugal y en el mundo.<\/p>\n\n\n\n<p>La instituci\u00f3n fue inaugurada en <strong>1996<\/strong> gracias a las donaciones de las farmacias portuguesas, con el objetivo de conservar y valorizar el patrimonio farmac\u00e9utico del pa\u00eds.<\/p>\n\n\n\n<p>El edificio que alberga el Museu da Farm\u00e1cia se encuentra en la sede de la <strong>Asociaci\u00f3n Nacional de Farmacias<\/strong> (ANF) en Santa Catarina, a pocos pasos del Barrio Alto.<\/p>\n\n\n\n<p>En su interior, se desarrolla en <strong>dos plantas<\/strong>: la planta inferior est\u00e1 dedicada a la historia de la farmacia y la medicina en Portugal, mientras que la superior ofrece una mirada a la farmacia en el mundo, con objetos procedentes de diversas civilizaciones y culturas.<\/p>\n\n\n\n<p>Lo interesante es que el Museu da Farm\u00e1cia abarca nada menos que <strong>5000 a\u00f1os de historia<\/strong>, con una colecci\u00f3n de m\u00e1s de <strong>15.000 artefactos<\/strong> de diversa procedencia.<\/p>\n\n\n\n<p>En mi opini\u00f3n, es una visita muy interesante, especialmente para quienes aman los museos \u00abno convencionales\u00bb.<\/p>\n\n\n\n<p>Entre las piezas m\u00e1s interesantes se encuentran las reconstrucciones de cuatro antiguas farmacias portuguesas, del siglo XVIII al XX, una farmacia tradicional de <strong>Macao<\/strong> de finales del siglo XIX y objetos m\u00e1s recientes, como los kits m\u00e9dicos utilizados en el <strong>Space Shuttle Endeavour<\/strong>.<\/p>\n\n\n\n<ul class=\"wp-block-list\">\n<li><strong>Entradas<\/strong>: 8\u20ac adultos, 5\u20ac estudiantes y mayores de 65 a\u00f1os.<\/li>\n\n\n\n<li><strong>Horarios<\/strong>: lunes-viernes, 10:00-18:00. S\u00e1bado 10:00-13:00 y 14:00-18:00. Domingo cerrado.<\/li>\n\n\n\n<li><strong>Ubicaci\u00f3n<\/strong>: R. Mal. Saldanha 1 (<a href=\"https:\/\/maps.app.goo.gl\/kBfSFyuhsnyjmy5G8\" target=\"_blank\" rel=\"noreferrer noopener\">ubicaci\u00f3n<\/a>).<\/li>\n<\/ul>\n\n\n\n<h2 class=\"wp-block-heading\"><strong>C\u00f3mo llegar al barrio de Barrio Alto<\/strong><\/h2>\n\n\n\n<p>Puedes llegar al Barrio Alto de varias maneras. Los medios m\u00e1s espectaculares son el Elevador da Gl\u00f3ria, que puedes tomar en Pra\u00e7a dos Restauradores, y el Elevador da Bica en Rua da Bica.<\/p>\n\n\n\n<p>Alternativamente puedes:<\/p>\n\n\n\n<ul class=\"wp-block-list\">\n<li><strong>Metro<\/strong>: llegar a la estaci\u00f3n de Baixa-Chiado, que est\u00e1 servida por las l\u00edneas azul y verde, y luego continuar a pie.<\/li>\n\n\n\n<li><strong>Tranv\u00eda<\/strong>: tambi\u00e9n puedes tomar el Tranv\u00eda 28 y bajar en Pra\u00e7a Lu\u00eds de Cam\u00f5es, y luego continuar a pie o en la parada Calhariz y tomar el Elevador da Bica.<\/li>\n<\/ul>\n\n\n\n<h2 class=\"wp-block-heading\"><strong>Mejores restaurantes y d\u00f3nde comer en el Barrio Alto<\/strong><\/h2>\n\n\n\n<figure class=\"wp-block-image size-large\"><img loading=\"lazy\" decoding=\"async\" width=\"1024\" height=\"768\" src=\"https:\/\/nomadeculturale.com\/wp-content\/uploads\/2024\/08\/Mejores-restaurantes-en-el-Barrio-Baixa-Lisboa-1024x768.jpg\" alt=\"Mejores restaurantes en el Barrio Baixa, Lisboa\" class=\"wp-image-4923\" srcset=\"https:\/\/nomadeculturale.com\/wp-content\/uploads\/2024\/08\/Mejores-restaurantes-en-el-Barrio-Baixa-Lisboa-1024x768.jpg 1024w, https:\/\/nomadeculturale.com\/wp-content\/uploads\/2024\/08\/Mejores-restaurantes-en-el-Barrio-Baixa-Lisboa-300x225.jpg 300w, https:\/\/nomadeculturale.com\/wp-content\/uploads\/2024\/08\/Mejores-restaurantes-en-el-Barrio-Baixa-Lisboa-768x576.jpg 768w, https:\/\/nomadeculturale.com\/wp-content\/uploads\/2024\/08\/Mejores-restaurantes-en-el-Barrio-Baixa-Lisboa-1536x1152.jpg 1536w, https:\/\/nomadeculturale.com\/wp-content\/uploads\/2024\/08\/Mejores-restaurantes-en-el-Barrio-Baixa-Lisboa.jpg 1600w\" sizes=\"auto, (max-width: 1024px) 100vw, 1024px\" \/><\/figure>\n\n\n\n<p>El <strong>Barrio Alto<\/strong> alberga muchos restaurantes de todo tipo y para todo tipo de presupuestos. Aqu\u00ed tienes una selecci\u00f3n de excelentes restaurantes que te recomiendo (algunos probados por m\u00ed):<\/p>\n\n\n\n<ul class=\"wp-block-list\">\n<li><strong>Grapes &amp; Bites<\/strong>: es un wine bar y restaurante situado en Rua do Norte y sirve solo vinos portugueses y platos t\u00edpicos de la cocina tradicional. Hay decenas de vinos por copa para probar, algunos de los cuales se mezclan en c\u00f3cteles. Para acompa\u00f1arlos, se sirven tablas de quesos y embutidos y platos deliciosos que han hecho de este local uno de los m\u00e1s populares del Barrio Alto. Precios: 30-40\u20ac por persona (<a href=\"https:\/\/maps.app.goo.gl\/Eth2AYShLfkaEgzBA\" target=\"_blank\" rel=\"noreferrer noopener\">ubicaci\u00f3n<\/a>).<\/li>\n\n\n\n<li><strong>Adega Machado<\/strong>: abierto en 1937, como te anticip\u00e9, no solo ofrece excelentes espect\u00e1culos de fado, sino tambi\u00e9n una de las mejores cocinas del barrio. Hay un men\u00fa fijo a 60\u20ac (<a href=\"https:\/\/maps.app.goo.gl\/ZeXYfFzX1WsSuN5C6\" target=\"_blank\" rel=\"noreferrer noopener\">ubicaci\u00f3n<\/a>).<\/li>\n\n\n\n<li><strong>A Baiuca do Bairro Alto<\/strong>: m\u00e1s que un restaurante, este local conserva todas las caracter\u00edsticas de una t\u00edpica taberna de Lisboa. Aunque tiene una terraza exterior, para escuchar el espect\u00e1culo de fado es mejor reservar en el interior. Las porciones son abundantes y el bacalao es excelente. Precios: 20-30\u20ac por persona (<a href=\"https:\/\/maps.app.goo.gl\/6Y1GNdjyPmrKmF24A\" target=\"_blank\" rel=\"noreferrer noopener\">ubicaci\u00f3n<\/a>).<\/li>\n\n\n\n<li><strong>Tasca da Tia Macheta<\/strong>: peque\u00f1a tasca de gesti\u00f3n familiar, el propietario Pietro es muy amable al igual que todo el personal, con buena comida y espect\u00e1culos de fado vadio. Precios: 25-30\u20ac por persona (<a href=\"https:\/\/maps.app.goo.gl\/wvCpRGL5pngZdve78\" target=\"_blank\" rel=\"noreferrer noopener\">ubicaci\u00f3n<\/a>).<\/li>\n<\/ul>\n\n\n\n<h2 class=\"wp-block-heading\"><strong>Barrio Alto y vida nocturna: gu\u00eda de los locales imprescindibles<\/strong><\/h2>\n\n\n\n<p>Como te dec\u00eda, el <strong>Barrio Alto<\/strong> es famoso por su <strong>animad\u00edsima vida nocturna<\/strong>. Es aqu\u00ed donde encontrar\u00e1s la mayor concentraci\u00f3n de <strong>bares<\/strong>, <strong>disco pubs<\/strong> y <strong>restaurantes<\/strong> de la ciudad.<\/p>\n\n\n\n<p>La particularidad de este barrio es que de d\u00eda parece tranquilo y somnoliento, mientras que de noche se anima con cientos de personas que se vuelcan en las calles para beber, charlar y divertirse hasta el amanecer.<\/p>\n\n\n\n<p>El ambiente es casual y relajado, y la mayor\u00eda de los locales son peque\u00f1os, por eso las calles est\u00e1n llenas de gente que se re\u00fane para beber, socializar y bailar fuera de los bares.<\/p>\n\n\n\n<p><strong>\u00bfD\u00f3nde ir? Aqu\u00ed tienes algunos excelentes locales:<\/strong><\/p>\n\n\n\n<ul class=\"wp-block-list\">\n<li><strong>Pavilh\u00e3o Chin\u00eas<\/strong>: un bar \u00fanico en su g\u00e9nero, decorado como un museo con miles de objetos vintage y militares. Parece un viaje al pasado entre juguetes antiguos, uniformes y medallas. Hay que probar los c\u00f3cteles (<a href=\"https:\/\/maps.app.goo.gl\/6q3dZrdtEZosDnxh9\" target=\"_blank\" rel=\"noreferrer noopener\">ubicaci\u00f3n<\/a>).<\/li>\n\n\n\n<li><strong>Majong<\/strong>: uno de los bares m\u00e1s antiguos y caracter\u00edsticos del Barrio Alto, con una curiosa decoraci\u00f3n y l\u00e1mparas en forma de col. Excelentes c\u00f3cteles aunque un poco caros (<a href=\"https:\/\/maps.app.goo.gl\/gLvPRvTUpaCjQ8ks7\" target=\"_blank\" rel=\"noreferrer noopener\">ubicaci\u00f3n<\/a>).<\/li>\n\n\n\n<li><strong>Groove bar<\/strong>: peque\u00f1o local, con una decoraci\u00f3n atractiva, buenas bebidas y precios honestos. Yo en particular apreci\u00e9 el c\u00f3ctel de absenta realmente espectacular. Excelente para empezar la noche (<a href=\"https:\/\/maps.app.goo.gl\/iA7AJW1FykQmazHG8\" target=\"_blank\" rel=\"noreferrer noopener\">ubicaci\u00f3n<\/a>).<\/li>\n<\/ul>\n\n\n\n<p><em>\u00bfCu\u00e1les son las \u00abcalles de la vida nocturna en el Barrio Alto\u00bb?<\/em><\/p>\n\n\n\n<p><strong>Las calles donde se concentra la mayor\u00eda de los locales son Rua da Atalaia, Rua do Diario de Noticias, Rua da Barroca, Rua da Rosa y Rua do Norte.<\/strong><\/p>\n\n\n<style>.kadence-column4824_25193d-e5 > .kt-inside-inner-col{padding-top:var(--global-kb-spacing-xs, 1rem);padding-right:var(--global-kb-spacing-xs, 1rem);padding-bottom:var(--global-kb-spacing-xs, 1rem);padding-left:var(--global-kb-spacing-xs, 1rem);}.kadence-column4824_25193d-e5 > .kt-inside-inner-col,.kadence-column4824_25193d-e5 > .kt-inside-inner-col:before{border-top-left-radius:0px;border-top-right-radius:0px;border-bottom-right-radius:0px;border-bottom-left-radius:0px;}.kadence-column4824_25193d-e5 > .kt-inside-inner-col{column-gap:var(--global-kb-gap-sm, 1rem);}.kadence-column4824_25193d-e5 > .kt-inside-inner-col{flex-direction:column;}.kadence-column4824_25193d-e5 > .kt-inside-inner-col > .aligncenter{width:100%;}.kadence-column4824_25193d-e5 > .kt-inside-inner-col{background-color:rgba(255, 188, 64, 0.15);}.kadence-column4824_25193d-e5 > .kt-inside-inner-col:before{opacity:0.3;}.kadence-column4824_25193d-e5{position:relative;}.kadence-column4824_25193d-e5, .kt-inside-inner-col > .kadence-column4824_25193d-e5:not(.specificity){margin-top:var(--global-kb-spacing-xxs, 0.5rem);margin-bottom:var(--global-kb-spacing-xs, 1rem);}@media all and (max-width: 1024px){.kadence-column4824_25193d-e5 > .kt-inside-inner-col{flex-direction:column;justify-content:center;}}@media all and (max-width: 767px){.kadence-column4824_25193d-e5 > .kt-inside-inner-col{flex-direction:column;justify-content:center;}}<\/style>\n<div class=\"wp-block-kadence-column kadence-column4824_25193d-e5\"><div class=\"kt-inside-inner-col\">\n<p class=\"has-medium-font-size\"><em><strong>Consejo del N\u00f3mada:<\/strong> Mi recomendaci\u00f3n es <strong>callejear tranquilamente entre los distintos bares<\/strong>, probando cervezas, c\u00f3cteles y disfrutando del ambiente \u00fanico que se respira en este barrio. Ten en cuenta que la mayor\u00eda de los locales <strong>cierran sobre las 2 de la madrugada<\/strong>, as\u00ed que si quieres alargar la noche, lo ideal es <strong>moverse hacia la zona de Cais do Sodr\u00e9<\/strong>, que est\u00e1 muy cerca y sigue con marcha hasta m\u00e1s tarde.<\/em><\/p>\n<\/div><\/div>\n\n\n\n<hr class=\"wp-block-separator has-alpha-channel-opacity\"\/>\n","protected":false},"excerpt":{"rendered":"<p>Consejos e informaci\u00f3n pr\u00e1ctica sobre d\u00f3nde comer, d\u00f3nde dormir y qu\u00e9 ver en el Barrio Alto en Lisboa.<\/p>\n","protected":false},"author":1,"featured_media":4917,"comment_status":"open","ping_status":"open","sticky":false,"template":"","format":"standard","meta":{"_editorskit_title_hidden":false,"_editorskit_reading_time":0,"_editorskit_is_block_options_detached":false,"_editorskit_block_options_position":"{}","_kad_blocks_custom_css":"","_kad_blocks_head_custom_js":"","_kad_blocks_body_custom_js":"","_kad_blocks_footer_custom_js":"","_kadence_starter_templates_imported_post":false,"_kad_post_transparent":"","_kad_post_title":"","_kad_post_layout":"","_kad_post_sidebar_id":"","_kad_post_content_style":"","_kad_post_vertical_padding":"","_kad_post_feature":"","_kad_post_feature_position":"","_kad_post_header":false,"_kad_post_footer":false,"footnotes":""},"categories":[324],"tags":[],"class_list":["post-4824","post","type-post","status-publish","format-standard","has-post-thumbnail","hentry","category-lisboa"],"taxonomy_info":{"category":[{"value":324,"label":"Lisboa"}]},"featured_image_src_large":["https:\/\/nomadeculturale.com\/wp-content\/uploads\/2024\/08\/Que-hacer-y-ver-en-el-Barrio-Alto-Lisboa-1024x768.jpg",1024,768,true],"author_info":{"display_name":"Alex Bulla","author_link":"https:\/\/nomadeculturale.com\/es\/author\/alex_viaggiatore_culturale\/"},"comment_info":0,"category_info":[{"term_id":324,"name":"Lisboa","slug":"lisboa","term_group":0,"term_taxonomy_id":324,"taxonomy":"category","description":"","parent":0,"count":27,"filter":"raw","cat_ID":324,"category_count":27,"category_description":"","cat_name":"Lisboa","category_nicename":"lisboa","category_parent":0}],"tag_info":false,"_links":{"self":[{"href":"https:\/\/nomadeculturale.com\/es\/wp-json\/wp\/v2\/posts\/4824","targetHints":{"allow":["GET"]}}],"collection":[{"href":"https:\/\/nomadeculturale.com\/es\/wp-json\/wp\/v2\/posts"}],"about":[{"href":"https:\/\/nomadeculturale.com\/es\/wp-json\/wp\/v2\/types\/post"}],"author":[{"embeddable":true,"href":"https:\/\/nomadeculturale.com\/es\/wp-json\/wp\/v2\/users\/1"}],"replies":[{"embeddable":true,"href":"https:\/\/nomadeculturale.com\/es\/wp-json\/wp\/v2\/comments?post=4824"}],"version-history":[{"count":15,"href":"https:\/\/nomadeculturale.com\/es\/wp-json\/wp\/v2\/posts\/4824\/revisions"}],"predecessor-version":[{"id":5078,"href":"https:\/\/nomadeculturale.com\/es\/wp-json\/wp\/v2\/posts\/4824\/revisions\/5078"}],"wp:featuredmedia":[{"embeddable":true,"href":"https:\/\/nomadeculturale.com\/es\/wp-json\/wp\/v2\/media\/4917"}],"wp:attachment":[{"href":"https:\/\/nomadeculturale.com\/es\/wp-json\/wp\/v2\/media?parent=4824"}],"wp:term":[{"taxonomy":"category","embeddable":true,"href":"https:\/\/nomadeculturale.com\/es\/wp-json\/wp\/v2\/categories?post=4824"},{"taxonomy":"post_tag","embeddable":true,"href":"https:\/\/nomadeculturale.com\/es\/wp-json\/wp\/v2\/tags?post=4824"}],"curies":[{"name":"wp","href":"https:\/\/api.w.org\/{rel}","templated":true}]}}