{"id":4776,"date":"2024-10-30T16:25:41","date_gmt":"2024-10-30T15:25:41","guid":{"rendered":"https:\/\/nomadeculturale.com\/cosa-mangiare-a-lisbona-e-dove\/"},"modified":"2025-04-10T16:32:30","modified_gmt":"2025-04-10T15:32:30","slug":"que-comer-en-lisboa-y-donde","status":"publish","type":"post","link":"https:\/\/nomadeculturale.com\/es\/que-comer-en-lisboa-y-donde\/","title":{"rendered":"Qu\u00e9 comer en Lisboa y d\u00f3nde: 10 platos t\u00edpicos y baratos (2025)"},"content":{"rendered":"\n<p>\u00bfTe preguntas <strong>qu\u00e9 comer en Lisboa<\/strong>?<\/p>\n\n\n\n<p>\u00bfCu\u00e1les son los <strong>platos t\u00edpicos<\/strong> que no te puedes perder si visitas la capital portuguesa? \u00bfQu\u00e9 dulces tienes que probar s\u00ed o s\u00ed? \u00bfY qu\u00e9 hay de la comida callejera?<\/p>\n\n\n\n<p>\u00a1Entonces has llegado al sitio perfecto! En este art\u00edculo, escrito por alguien que ha vivido en Lisboa y vuelve cada a\u00f1o, te traigo una gu\u00eda completa con:<\/p>\n\n\n\n<ul class=\"wp-block-list\">\n<li>Los 10 platos m\u00e1s t\u00edpicos que tienes que probar en Lisboa;<\/li>\n\n\n\n<li>La <strong>comida callejera<\/strong> m\u00e1s popular (y d\u00f3nde encontrarla);<\/li>\n\n\n\n<li><strong>D\u00f3nde comer<\/strong> cada uno de los platos que menciono;<\/li>\n\n\n\n<li>Y, por supuesto, <strong>qu\u00e9 beber<\/strong> para acompa\u00f1ar todo esto.<\/li>\n<\/ul>\n\n\n\n<p>\u00bfPreparado\/a para saborear lo mejor de la cocina portuguesa? \u00a1Pues vamos all\u00e1!<\/p>\n\n\n\n<h2 class=\"wp-block-heading\"><strong>Qu\u00e9 comer en Lisboa: los 10 platos m\u00e1s tradicionales (y deliciosos)<\/strong><\/h2>\n\n\n\n<h3 class=\"wp-block-heading\"><strong>Sopa de caldo verde<\/strong><\/h3>\n\n\n\n<figure class=\"wp-block-image size-large\"><img loading=\"lazy\" decoding=\"async\" width=\"1024\" height=\"768\" src=\"https:\/\/nomadeculturale.com\/wp-content\/uploads\/2024\/10\/Sopa-de-caldo-verde-una-de-las-cosas-que-comer-en-Lisboa-1024x768.jpg\" alt=\"Sopa de caldo verde, una de las cosas que comer en Lisboa\" class=\"wp-image-5232\" srcset=\"https:\/\/nomadeculturale.com\/wp-content\/uploads\/2024\/10\/Sopa-de-caldo-verde-una-de-las-cosas-que-comer-en-Lisboa-1024x768.jpg 1024w, https:\/\/nomadeculturale.com\/wp-content\/uploads\/2024\/10\/Sopa-de-caldo-verde-una-de-las-cosas-que-comer-en-Lisboa-300x225.jpg 300w, https:\/\/nomadeculturale.com\/wp-content\/uploads\/2024\/10\/Sopa-de-caldo-verde-una-de-las-cosas-que-comer-en-Lisboa-768x576.jpg 768w, https:\/\/nomadeculturale.com\/wp-content\/uploads\/2024\/10\/Sopa-de-caldo-verde-una-de-las-cosas-que-comer-en-Lisboa-1536x1152.jpg 1536w, https:\/\/nomadeculturale.com\/wp-content\/uploads\/2024\/10\/Sopa-de-caldo-verde-una-de-las-cosas-que-comer-en-Lisboa.jpg 1600w\" sizes=\"auto, (max-width: 1024px) 100vw, 1024px\" \/><\/figure>\n\n\n\n<p>A pesar de su sencillez, el caldo verde es uno de los platos m\u00e1s emblem\u00e1ticos y representativos, no solo de Lisboa, sino de todo Portugal.<\/p>\n\n\n\n<p><strong>\u00bfDe qu\u00e9 se trata?<\/strong><\/p>\n\n\n\n<p>Es una sencilla <strong>sopa hecha con patatas, col rizada portuguesa<\/strong> finamente cortada (llamada couve-galega), <strong>aceite de oliva, ajo y cebolla<\/strong>. Las rodajas de <strong>chorizo<\/strong> ahumado se a\u00f1aden al final, aportando un sabor \u00fanico y contundente al plato.<\/p>\n\n\n\n<p><strong>\u00bfCu\u00e1les son sus or\u00edgenes hist\u00f3ricos?<\/strong><\/p>\n\n\n\n<p>Es un plato muy antiguo: la sopa naci\u00f3 <strong>alrededor de mediados del siglo XV<\/strong> en la regi\u00f3n del Mi\u00f1o, en el norte de Portugal. Inicialmente era preparada por los campesinos con los ingredientes m\u00e1s f\u00e1cilmente disponibles.<\/p>\n\n\n\n<p>Con el tiempo se extendi\u00f3 por todo el pa\u00eds, convirti\u00e9ndose en uno de los platos emblem\u00e1ticos de la gastronom\u00eda portuguesa, hasta el punto de ser nombrada una de las Siete Maravillas de la Gastronom\u00eda de Portugal.<\/p>\n\n\n\n<p><strong>\u00bfHay variantes? \u00bfCon qu\u00e9 se acompa\u00f1a?<\/strong><\/p>\n\n\n\n<p>Obviamente, al ser un plato nacional, cada regi\u00f3n ha desarrollado su propia variante de la receta. Tradicionalmente se sirve en cuencos de barro llamados tigela y se acompa\u00f1a de pan de ma\u00edz o de centeno, perfecto para mojar en la sopa caliente. Un vaso de vino tinto local complementa perfectamente el plato.<\/p>\n\n\n<style>.kadence-column4776_879f95-6f > .kt-inside-inner-col{padding-top:var(--global-kb-spacing-xs, 1rem);padding-right:var(--global-kb-spacing-xs, 1rem);padding-bottom:var(--global-kb-spacing-xs, 1rem);padding-left:var(--global-kb-spacing-xs, 1rem);}.kadence-column4776_879f95-6f > .kt-inside-inner-col,.kadence-column4776_879f95-6f > .kt-inside-inner-col:before{border-top-left-radius:0px;border-top-right-radius:0px;border-bottom-right-radius:0px;border-bottom-left-radius:0px;}.kadence-column4776_879f95-6f > .kt-inside-inner-col{column-gap:var(--global-kb-gap-sm, 1rem);}.kadence-column4776_879f95-6f > .kt-inside-inner-col{flex-direction:column;}.kadence-column4776_879f95-6f > .kt-inside-inner-col > .aligncenter{width:100%;}.kadence-column4776_879f95-6f > .kt-inside-inner-col{background-color:rgba(255, 188, 64, 0.15);}.kadence-column4776_879f95-6f > .kt-inside-inner-col:before{opacity:0.3;}.kadence-column4776_879f95-6f{position:relative;}.kadence-column4776_879f95-6f, .kt-inside-inner-col > .kadence-column4776_879f95-6f:not(.specificity){margin-top:var(--global-kb-spacing-xxs, 0.5rem);margin-bottom:var(--global-kb-spacing-xs, 1rem);}@media all and (max-width: 1024px){.kadence-column4776_879f95-6f > .kt-inside-inner-col{flex-direction:column;justify-content:center;}}@media all and (max-width: 767px){.kadence-column4776_879f95-6f > .kt-inside-inner-col{flex-direction:column;justify-content:center;}}<\/style>\n<div class=\"wp-block-kadence-column kadence-column4776_879f95-6f\"><div class=\"kt-inside-inner-col\">\n<ul class=\"wp-block-list\">\n<li><strong>Precio medio<\/strong>: 2\u20135\u20ac<\/li>\n\n\n\n<li><strong>Cu\u00e1ndo<\/strong>: almuerzo o cena<\/li>\n\n\n\n<li><strong>Restaurantes donde probar el caldo verde<\/strong>: cualquier restaurante portugu\u00e9s.<\/li>\n<\/ul>\n<\/div><\/div>\n\n\n\n<h3 class=\"wp-block-heading\"><strong>Bacalhau \u00e0 Br\u00e1s<\/strong><\/h3>\n\n\n\n<figure class=\"wp-block-image size-large\"><img loading=\"lazy\" decoding=\"async\" width=\"1024\" height=\"768\" src=\"https:\/\/nomadeculturale.com\/wp-content\/uploads\/2024\/10\/Bacalhau-a-Bras-que-hay-que-probar-en-Lisboa-1024x768.jpg\" alt=\"Bacalhau \u00e0 Br\u00e1s que hay que probar en Lisboa\" class=\"wp-image-5211\" srcset=\"https:\/\/nomadeculturale.com\/wp-content\/uploads\/2024\/10\/Bacalhau-a-Bras-que-hay-que-probar-en-Lisboa-1024x768.jpg 1024w, https:\/\/nomadeculturale.com\/wp-content\/uploads\/2024\/10\/Bacalhau-a-Bras-que-hay-que-probar-en-Lisboa-300x225.jpg 300w, https:\/\/nomadeculturale.com\/wp-content\/uploads\/2024\/10\/Bacalhau-a-Bras-que-hay-que-probar-en-Lisboa-768x576.jpg 768w, https:\/\/nomadeculturale.com\/wp-content\/uploads\/2024\/10\/Bacalhau-a-Bras-que-hay-que-probar-en-Lisboa-1536x1152.jpg 1536w, https:\/\/nomadeculturale.com\/wp-content\/uploads\/2024\/10\/Bacalhau-a-Bras-que-hay-que-probar-en-Lisboa.jpg 1600w\" sizes=\"auto, (max-width: 1024px) 100vw, 1024px\" \/><\/figure>\n\n\n\n<p>\u00bfQu\u00e9 comer en Lisboa? Otro plato ic\u00f3nico y muy querido por los portugueses es el Bacalhau \u00e0 Br\u00e1s. Un plato contundente que combina <strong>bacalao desmenuzado, patatas fritas y huevos revueltos<\/strong>, enriquecido con cebolla, ajo y coronado con aceitunas negras y perejil fresco.<\/p>\n\n\n\n<p><strong>\u00bfCu\u00e1les son sus or\u00edgenes hist\u00f3ricos?<\/strong><\/p>\n\n\n\n<p>El plato naci\u00f3 en la segunda mitad del <strong>siglo XIX en el <a href=\"https:\/\/nomadeculturale.com\/es\/barrio-alto-lisboa-que-ver\/\" target=\"_blank\" data-type=\"post\" data-id=\"4824\" rel=\"noreferrer noopener\">Barrio Alto de Lisboa<\/a><\/strong>, donde un tabernero llamado Br\u00e1s lo cre\u00f3 en su establecimiento. Desde entonces, la receta se extendi\u00f3 r\u00e1pidamente por toda la ciudad y m\u00e1s tarde por todo el pa\u00eds, convirti\u00e9ndose en uno de los platos m\u00e1s representativos de Portugal.<\/p>\n\n\n\n<p><strong>\u00bfExisten variantes?<\/strong><\/p>\n\n\n\n<p>Con el tiempo han surgido diversas variantes creativas que mantienen la t\u00e9cnica de preparaci\u00f3n \u00ab\u00e0 Br\u00e1s\u00bb, pero sustituyen el bacalao por otros ingredientes. Puedes encontrar versiones con pollo (frango \u00e0 Br\u00e1s), verduras o setas. Tradicionalmente se sirve acompa\u00f1ado de arroz blanco y ensalada verde, mientras que una copa de vinho verde complementa perfectamente la comida.<\/p>\n\n\n<style>.kadence-column4776_ee749e-ed > .kt-inside-inner-col{padding-top:var(--global-kb-spacing-xs, 1rem);padding-right:var(--global-kb-spacing-xs, 1rem);padding-bottom:var(--global-kb-spacing-xs, 1rem);padding-left:var(--global-kb-spacing-xs, 1rem);}.kadence-column4776_ee749e-ed > .kt-inside-inner-col,.kadence-column4776_ee749e-ed > .kt-inside-inner-col:before{border-top-left-radius:0px;border-top-right-radius:0px;border-bottom-right-radius:0px;border-bottom-left-radius:0px;}.kadence-column4776_ee749e-ed > .kt-inside-inner-col{column-gap:var(--global-kb-gap-sm, 1rem);}.kadence-column4776_ee749e-ed > .kt-inside-inner-col{flex-direction:column;}.kadence-column4776_ee749e-ed > .kt-inside-inner-col > .aligncenter{width:100%;}.kadence-column4776_ee749e-ed > .kt-inside-inner-col{background-color:rgba(255, 188, 64, 0.15);}.kadence-column4776_ee749e-ed > .kt-inside-inner-col:before{opacity:0.3;}.kadence-column4776_ee749e-ed{position:relative;}.kadence-column4776_ee749e-ed, .kt-inside-inner-col > .kadence-column4776_ee749e-ed:not(.specificity){margin-top:var(--global-kb-spacing-xxs, 0.5rem);margin-bottom:var(--global-kb-spacing-xs, 1rem);}@media all and (max-width: 1024px){.kadence-column4776_ee749e-ed > .kt-inside-inner-col{flex-direction:column;justify-content:center;}}@media all and (max-width: 767px){.kadence-column4776_ee749e-ed > .kt-inside-inner-col{flex-direction:column;justify-content:center;}}<\/style>\n<div class=\"wp-block-kadence-column kadence-column4776_ee749e-ed\"><div class=\"kt-inside-inner-col\">\n<ul class=\"wp-block-list\">\n<li><strong>Precio medio<\/strong>: 15\u201320\u20ac<\/li>\n\n\n\n<li><strong>Cu\u00e1ndo<\/strong>: almuerzo o cena<\/li>\n\n\n\n<li><strong>Restaurantes donde probar el Bacalhau \u00e0 Br\u00e1s<\/strong>: <a href=\"https:\/\/maps.app.goo.gl\/WpqgQGce8V2L1Z3x7\" target=\"_blank\" rel=\"noreferrer noopener\">O BECO<\/a> o <a href=\"https:\/\/maps.app.goo.gl\/ZeZ5UiWT34kk9SDS6\" target=\"_blank\" rel=\"noreferrer noopener\">Bacalhau<\/a>.<\/li>\n<\/ul>\n<\/div><\/div>\n\n\n\n<h3 class=\"wp-block-heading\"><strong>Pastel de Bacalhau<\/strong><\/h3>\n\n\n\n<p>Seguimos con el rey de la gastronom\u00eda lusa: el bacalao. Y es que en Portugal lo preparan de mil formas distintas, \u00a1y todas est\u00e1n buen\u00edsimas! Una de las m\u00e1s populares (y queridas) es el <strong>Pastel de Bacalhau<\/strong>.<\/p>\n\n\n\n<p>\u00bfY eso qu\u00e9 es?<\/p>\n\n\n\n<p>Pues unas croquetas crujientes por fuera y cremosas por dentro, hechas con bacalao desmigado, patata, huevo, cebolla y perejil. Un bocado sencillo, pero con mucho sabor.<\/p>\n\n\n\n<p><strong>\u00bfCu\u00e1les son sus or\u00edgenes?<\/strong><\/p>\n\n\n\n<p>Este cl\u00e1sico empez\u00f3 a formar parte de la cocina portuguesa all\u00e1 por finales del siglo XVIII, cuando la Reina Mar\u00eda promovi\u00f3 el uso de la patata \u2014reci\u00e9n llegada de Am\u00e9rica\u2014 en la alimentaci\u00f3n. La primera receta documentada, de hecho, se la debemos al hijo del Vizconde de Vilarinho de S\u00e3o Rom\u00e3o, uno de los mayores productores de patatas del pa\u00eds en aquella \u00e9poca.<\/p>\n\n\n\n<p><strong>\u00bfCu\u00e1les son las principales variantes?<\/strong><\/p>\n\n\n\n<p>\u00a1Claro que s\u00ed! Aunque la receta tradicional sigue siendo la m\u00e1s habitual, hoy en d\u00eda puedes encontrar versiones m\u00e1s modernas, como una que lleva queso Serra da Estrela en el centro\u2026 que se funde al cocinarlo y queda espectacular.<\/p>\n\n\n\n<p>Se suelen servir como entrante o como <strong>petisco<\/strong> (el equivalente portugu\u00e9s a las tapas), y lo ideal es acompa\u00f1arlos con una cerveza bien fr\u00eda o un vino verde.<\/p>\n\n\n<style>.kadence-column4776_bb1265-df > .kt-inside-inner-col{padding-top:var(--global-kb-spacing-xs, 1rem);padding-right:var(--global-kb-spacing-xs, 1rem);padding-bottom:var(--global-kb-spacing-xs, 1rem);padding-left:var(--global-kb-spacing-xs, 1rem);}.kadence-column4776_bb1265-df > .kt-inside-inner-col,.kadence-column4776_bb1265-df > .kt-inside-inner-col:before{border-top-left-radius:0px;border-top-right-radius:0px;border-bottom-right-radius:0px;border-bottom-left-radius:0px;}.kadence-column4776_bb1265-df > .kt-inside-inner-col{column-gap:var(--global-kb-gap-sm, 1rem);}.kadence-column4776_bb1265-df > .kt-inside-inner-col{flex-direction:column;}.kadence-column4776_bb1265-df > .kt-inside-inner-col > .aligncenter{width:100%;}.kadence-column4776_bb1265-df > .kt-inside-inner-col{background-color:rgba(255, 188, 64, 0.15);}.kadence-column4776_bb1265-df > .kt-inside-inner-col:before{opacity:0.3;}.kadence-column4776_bb1265-df{position:relative;}.kadence-column4776_bb1265-df, .kt-inside-inner-col > .kadence-column4776_bb1265-df:not(.specificity){margin-top:var(--global-kb-spacing-xxs, 0.5rem);margin-bottom:var(--global-kb-spacing-xs, 1rem);}@media all and (max-width: 1024px){.kadence-column4776_bb1265-df > .kt-inside-inner-col{flex-direction:column;justify-content:center;}}@media all and (max-width: 767px){.kadence-column4776_bb1265-df > .kt-inside-inner-col{flex-direction:column;justify-content:center;}}<\/style>\n<div class=\"wp-block-kadence-column kadence-column4776_bb1265-df\"><div class=\"kt-inside-inner-col\">\n<ul class=\"wp-block-list\">\n<li><strong>Precio medio<\/strong>: 3\u20135\u20ac por croqueta<\/li>\n\n\n\n<li><strong>Cu\u00e1ndo<\/strong>: entrante<\/li>\n\n\n\n<li><strong>Restaurantes donde probar los Pastel de Bacalhau<\/strong>: pr\u00e1cticamente cualquier restaurante portugu\u00e9s.<\/li>\n<\/ul>\n<\/div><\/div>\n\n\n\n<h3 class=\"wp-block-heading\"><strong>Sardinhas assadas<\/strong><\/h3>\n\n\n\n<figure class=\"wp-block-image size-large\"><img loading=\"lazy\" decoding=\"async\" width=\"1024\" height=\"768\" src=\"https:\/\/nomadeculturale.com\/wp-content\/uploads\/2024\/10\/Sardinhas-assadas-que-comer-en-Lisboa-1024x768.jpg\" alt=\"Sardinhas assadas, qu\u00e9 comer en Lisboa\" class=\"wp-image-5229\" srcset=\"https:\/\/nomadeculturale.com\/wp-content\/uploads\/2024\/10\/Sardinhas-assadas-que-comer-en-Lisboa-1024x768.jpg 1024w, https:\/\/nomadeculturale.com\/wp-content\/uploads\/2024\/10\/Sardinhas-assadas-que-comer-en-Lisboa-300x225.jpg 300w, https:\/\/nomadeculturale.com\/wp-content\/uploads\/2024\/10\/Sardinhas-assadas-que-comer-en-Lisboa-768x576.jpg 768w, https:\/\/nomadeculturale.com\/wp-content\/uploads\/2024\/10\/Sardinhas-assadas-que-comer-en-Lisboa-1536x1152.jpg 1536w, https:\/\/nomadeculturale.com\/wp-content\/uploads\/2024\/10\/Sardinhas-assadas-que-comer-en-Lisboa.jpg 1600w\" sizes=\"auto, (max-width: 1024px) 100vw, 1024px\" \/><\/figure>\n\n\n\n<p><em>\u00bfC\u00f3mo no mencionar tambi\u00e9n las m\u00edticas \u00absardinhas assadas\u00bb?<\/em><\/p>\n\n\n\n<p><strong>Sardinas frescas a la parrilla<\/strong> con sal gruesa y un chorrito de aceite de oliva. Un plato muy sencillo, pero profundamente arraigado en la cultura portuguesa.<\/p>\n\n\n\n<p><strong>\u00bfCu\u00e1les son sus or\u00edgenes?<\/strong><\/p>\n\n\n\n<p>Este plato tiene sus ra\u00edces en la regi\u00f3n de Lisboa y Vale do Tejo, donde <strong>durante siglos ha sido el sustento principal de las comunidades pesqueras<\/strong>.<\/p>\n\n\n\n<p>Tradicionalmente, las sardinas se asaban directamente en la playa sobre fuegos de carb\u00f3n, una pr\u00e1ctica que contin\u00faa hoy en d\u00eda durante las fiestas populares, especialmente en los primeros diez d\u00edas de agosto.<\/p>\n\n\n\n<p><strong>\u00bfC\u00f3mo se acompa\u00f1a?<\/strong><\/p>\n\n\n\n<p>A la manera tradicional: sobre una rebanada de pan r\u00fastico que absorbe todos los jugos del pescado. Nada de platos complicados. Puedes acompa\u00f1arlas con una ensalada verde, patatas cocidas o fritas\u2026 y por supuesto, un vaso de <strong>vinho verde<\/strong> bien fresquito.<\/p>\n\n\n<style>.kadence-column4776_0ef2ad-f9 > .kt-inside-inner-col{padding-top:var(--global-kb-spacing-xs, 1rem);padding-right:var(--global-kb-spacing-xs, 1rem);padding-bottom:var(--global-kb-spacing-xs, 1rem);padding-left:var(--global-kb-spacing-xs, 1rem);}.kadence-column4776_0ef2ad-f9 > .kt-inside-inner-col,.kadence-column4776_0ef2ad-f9 > .kt-inside-inner-col:before{border-top-left-radius:0px;border-top-right-radius:0px;border-bottom-right-radius:0px;border-bottom-left-radius:0px;}.kadence-column4776_0ef2ad-f9 > .kt-inside-inner-col{column-gap:var(--global-kb-gap-sm, 1rem);}.kadence-column4776_0ef2ad-f9 > .kt-inside-inner-col{flex-direction:column;}.kadence-column4776_0ef2ad-f9 > .kt-inside-inner-col > .aligncenter{width:100%;}.kadence-column4776_0ef2ad-f9 > .kt-inside-inner-col{background-color:rgba(255, 188, 64, 0.15);}.kadence-column4776_0ef2ad-f9 > .kt-inside-inner-col:before{opacity:0.3;}.kadence-column4776_0ef2ad-f9{position:relative;}.kadence-column4776_0ef2ad-f9, .kt-inside-inner-col > .kadence-column4776_0ef2ad-f9:not(.specificity){margin-top:var(--global-kb-spacing-xxs, 0.5rem);margin-bottom:var(--global-kb-spacing-xs, 1rem);}@media all and (max-width: 1024px){.kadence-column4776_0ef2ad-f9 > .kt-inside-inner-col{flex-direction:column;justify-content:center;}}@media all and (max-width: 767px){.kadence-column4776_0ef2ad-f9 > .kt-inside-inner-col{flex-direction:column;justify-content:center;}}<\/style>\n<div class=\"wp-block-kadence-column kadence-column4776_0ef2ad-f9\"><div class=\"kt-inside-inner-col\">\n<ul class=\"wp-block-list\">\n<li><strong>Precio medio<\/strong>: 3-10\u20ac<\/li>\n\n\n\n<li><strong>Cu\u00e1ndo<\/strong>: en verano, almuerzo o cena<\/li>\n\n\n\n<li><strong>Restaurantes donde probar las sardinhas assadas<\/strong>: cualquier tasca del Bairro Alto o de Alfama.<\/li>\n<\/ul>\n<\/div><\/div>\n\n\n\n<h3 class=\"wp-block-heading\"><strong>Arroz de marisco<\/strong><\/h3>\n\n\n\n<figure class=\"wp-block-image size-large\"><img loading=\"lazy\" decoding=\"async\" width=\"1024\" height=\"768\" src=\"https:\/\/nomadeculturale.com\/wp-content\/uploads\/2024\/10\/Arroz-de-marisco-entre-las-cosas-tipicas-que-comer-en-Lisboa-1024x768.jpg\" alt=\"Arroz de marisco, entre las cosas t\u00edpicas que comer en Lisboa\" class=\"wp-image-5208\" srcset=\"https:\/\/nomadeculturale.com\/wp-content\/uploads\/2024\/10\/Arroz-de-marisco-entre-las-cosas-tipicas-que-comer-en-Lisboa-1024x768.jpg 1024w, https:\/\/nomadeculturale.com\/wp-content\/uploads\/2024\/10\/Arroz-de-marisco-entre-las-cosas-tipicas-que-comer-en-Lisboa-300x225.jpg 300w, https:\/\/nomadeculturale.com\/wp-content\/uploads\/2024\/10\/Arroz-de-marisco-entre-las-cosas-tipicas-que-comer-en-Lisboa-768x576.jpg 768w, https:\/\/nomadeculturale.com\/wp-content\/uploads\/2024\/10\/Arroz-de-marisco-entre-las-cosas-tipicas-que-comer-en-Lisboa-1536x1152.jpg 1536w, https:\/\/nomadeculturale.com\/wp-content\/uploads\/2024\/10\/Arroz-de-marisco-entre-las-cosas-tipicas-que-comer-en-Lisboa.jpg 1600w\" sizes=\"auto, (max-width: 1024px) 100vw, 1024px\" \/><\/figure>\n\n\n\n<p>\u00bfQu\u00e9 comer en Lisboa? Otro plato t\u00edpico que debes probar es el arroz de marisco.<\/p>\n\n\n\n<p>Es un plato similar a la paella de mariscos. La preparaci\u00f3n consiste en una base de arroz cocinado junto con mariscos frescos como gambas, mejillones, almejas y calamares, enriquecido con tomates, pimientos, ajo y perejil.<\/p>\n\n\n\n<p>Todo se cocina lentamente, lo que permite que el arroz absorba todos los sabores de su caldo a base de mariscos.<\/p>\n\n\n\n<p><strong>\u00bfCu\u00e1les son sus or\u00edgenes hist\u00f3ricos?<\/strong><\/p>\n\n\n\n<p>Se trata de un plato relativamente \u00abreciente\u00bb. De hecho, naci\u00f3 hace unos 40 a\u00f1os en la localidad costera de Praia de Vieira, gracias al chef Adelino Coelho que lo cre\u00f3 en su restaurante Solmar.<\/p>\n\n\n\n<p>La preparaci\u00f3n tradicional requiere el uso de arroz Carolino, una variedad de grano corto t\u00edpicamente portuguesa que absorbe perfectamente los sabores. El plato debe resultar \u00abmalandrinho\u00bb, es decir, ligeramente caldoso.<\/p>\n\n\n\n<p>Tradicionalmente se acompa\u00f1a con una copa de Vinho Verde o Albari\u00f1o, vinos que realzan perfectamente los sabores del mar.<\/p>\n\n\n<style>.kadence-column4776_a4583c-d9 > .kt-inside-inner-col{padding-top:var(--global-kb-spacing-xs, 1rem);padding-right:var(--global-kb-spacing-xs, 1rem);padding-bottom:var(--global-kb-spacing-xs, 1rem);padding-left:var(--global-kb-spacing-xs, 1rem);}.kadence-column4776_a4583c-d9 > .kt-inside-inner-col,.kadence-column4776_a4583c-d9 > .kt-inside-inner-col:before{border-top-left-radius:0px;border-top-right-radius:0px;border-bottom-right-radius:0px;border-bottom-left-radius:0px;}.kadence-column4776_a4583c-d9 > .kt-inside-inner-col{column-gap:var(--global-kb-gap-sm, 1rem);}.kadence-column4776_a4583c-d9 > .kt-inside-inner-col{flex-direction:column;}.kadence-column4776_a4583c-d9 > .kt-inside-inner-col > .aligncenter{width:100%;}.kadence-column4776_a4583c-d9 > .kt-inside-inner-col{background-color:rgba(255, 188, 64, 0.15);}.kadence-column4776_a4583c-d9 > .kt-inside-inner-col:before{opacity:0.3;}.kadence-column4776_a4583c-d9{position:relative;}.kadence-column4776_a4583c-d9, .kt-inside-inner-col > .kadence-column4776_a4583c-d9:not(.specificity){margin-top:var(--global-kb-spacing-xxs, 0.5rem);margin-bottom:var(--global-kb-spacing-xs, 1rem);}@media all and (max-width: 1024px){.kadence-column4776_a4583c-d9 > .kt-inside-inner-col{flex-direction:column;justify-content:center;}}@media all and (max-width: 767px){.kadence-column4776_a4583c-d9 > .kt-inside-inner-col{flex-direction:column;justify-content:center;}}<\/style>\n<div class=\"wp-block-kadence-column kadence-column4776_a4583c-d9\"><div class=\"kt-inside-inner-col\">\n<ul class=\"wp-block-list\">\n<li><strong>Precio medio<\/strong>: 12\u201316\u20ac<\/li>\n\n\n\n<li><strong>Cu\u00e1ndo<\/strong>: almuerzo o cena<\/li>\n\n\n\n<li><strong>Restaurantes donde probar el arroz de marisco<\/strong>: <a href=\"https:\/\/maps.app.goo.gl\/jZDLDLm4yyESpxUh8\" target=\"_blank\" rel=\"noreferrer noopener\">Uma<\/a> o <a href=\"https:\/\/maps.app.goo.gl\/dG7LgBqMnBgrsYfT7\" target=\"_blank\" rel=\"noreferrer noopener\">Baixamar<\/a>.<\/li>\n<\/ul>\n<\/div><\/div>\n\n\n\n<h3 class=\"wp-block-heading\"><strong>Cozido \u00e0 Portuguesa<\/strong><\/h3>\n\n\n\n<figure class=\"wp-block-image size-large\"><img loading=\"lazy\" decoding=\"async\" width=\"1024\" height=\"768\" src=\"https:\/\/nomadeculturale.com\/wp-content\/uploads\/2024\/10\/Cozido-a-portuguesa-entre-las-cosas-tipicas-que-comer-en-Lisboa-1024x768.jpg\" alt=\"Cozido \u00e0 portuguesa, entre las cosas t\u00edpicas que comer en Lisboa\" class=\"wp-image-5217\" srcset=\"https:\/\/nomadeculturale.com\/wp-content\/uploads\/2024\/10\/Cozido-a-portuguesa-entre-las-cosas-tipicas-que-comer-en-Lisboa-1024x768.jpg 1024w, https:\/\/nomadeculturale.com\/wp-content\/uploads\/2024\/10\/Cozido-a-portuguesa-entre-las-cosas-tipicas-que-comer-en-Lisboa-300x225.jpg 300w, https:\/\/nomadeculturale.com\/wp-content\/uploads\/2024\/10\/Cozido-a-portuguesa-entre-las-cosas-tipicas-que-comer-en-Lisboa-768x576.jpg 768w, https:\/\/nomadeculturale.com\/wp-content\/uploads\/2024\/10\/Cozido-a-portuguesa-entre-las-cosas-tipicas-que-comer-en-Lisboa-1536x1152.jpg 1536w, https:\/\/nomadeculturale.com\/wp-content\/uploads\/2024\/10\/Cozido-a-portuguesa-entre-las-cosas-tipicas-que-comer-en-Lisboa.jpg 1600w\" sizes=\"auto, (max-width: 1024px) 100vw, 1024px\" \/><\/figure>\n\n\n\n<p><em>\u00bfQu\u00e9 comer t\u00edpico en Lisboa?<\/em><\/p>\n\n\n\n<p>Una explosi\u00f3n de sabores y aromas se desprende de este plato \u00fanico que combina <strong>diferentes tipos de carnes, embutidos y verduras de temporada<\/strong>, todos cocidos lentamente en un rico caldo.<\/p>\n\n\n\n<p>Los ingredientes principales incluyen ternera, cerdo, pollo, chorizo, morcilla (sanguinhas), adem\u00e1s de col, zanahorias, patatas y nabos. Un plato en cierto modo similar a nuestro \u00abcocido\u00bb.<\/p>\n\n\n\n<p><strong>\u00bfCu\u00e1les son sus or\u00edgenes?<\/strong><\/p>\n\n\n\n<p>Los or\u00edgenes de este plato se remontan al <strong>siglo XVII<\/strong>, informaci\u00f3n que nos llega gracias al chef de la Casa Real portuguesa, Domingos Rodrigues, que lo describi\u00f3 en su tratado culinario \u00abArte de Cozinha\u00bb de 1680.<\/p>\n\n\n\n<p>Inicialmente se llamaba \u00abOlla Podrida\u00bb, nombre de origen espa\u00f1ol, e inclu\u00eda tambi\u00e9n carne de conejo entre sus ingredientes.<\/p>\n\n\n\n<p>Cada regi\u00f3n de Portugal ha desarrollado su propia versi\u00f3n del Cozido. La variante m\u00e1s peculiar es la de Furnas, en las Azores, donde el plato se cocina en agujeros aprovechando el calor geot\u00e9rmico volc\u00e1nico.<\/p>\n\n\n<style>.kadence-column4776_3e34e2-4b > .kt-inside-inner-col{padding-top:var(--global-kb-spacing-xs, 1rem);padding-right:var(--global-kb-spacing-xs, 1rem);padding-bottom:var(--global-kb-spacing-xs, 1rem);padding-left:var(--global-kb-spacing-xs, 1rem);}.kadence-column4776_3e34e2-4b > .kt-inside-inner-col,.kadence-column4776_3e34e2-4b > .kt-inside-inner-col:before{border-top-left-radius:0px;border-top-right-radius:0px;border-bottom-right-radius:0px;border-bottom-left-radius:0px;}.kadence-column4776_3e34e2-4b > .kt-inside-inner-col{column-gap:var(--global-kb-gap-sm, 1rem);}.kadence-column4776_3e34e2-4b > .kt-inside-inner-col{flex-direction:column;}.kadence-column4776_3e34e2-4b > .kt-inside-inner-col > .aligncenter{width:100%;}.kadence-column4776_3e34e2-4b > .kt-inside-inner-col{background-color:rgba(255, 188, 64, 0.15);}.kadence-column4776_3e34e2-4b > .kt-inside-inner-col:before{opacity:0.3;}.kadence-column4776_3e34e2-4b{position:relative;}.kadence-column4776_3e34e2-4b, .kt-inside-inner-col > .kadence-column4776_3e34e2-4b:not(.specificity){margin-top:var(--global-kb-spacing-xxs, 0.5rem);margin-bottom:var(--global-kb-spacing-xs, 1rem);}@media all and (max-width: 1024px){.kadence-column4776_3e34e2-4b > .kt-inside-inner-col{flex-direction:column;justify-content:center;}}@media all and (max-width: 767px){.kadence-column4776_3e34e2-4b > .kt-inside-inner-col{flex-direction:column;justify-content:center;}}<\/style>\n<div class=\"wp-block-kadence-column kadence-column4776_3e34e2-4b\"><div class=\"kt-inside-inner-col\">\n<ul class=\"wp-block-list\">\n<li><strong>Precio medio<\/strong>: 10\u201312\u20ac<\/li>\n\n\n\n<li><strong>Cu\u00e1ndo<\/strong>: almuerzo o cena<\/li>\n\n\n\n<li><strong>Restaurantes donde probar el Cozido \u00e0 Portuguesa<\/strong>: <a href=\"https:\/\/maps.app.goo.gl\/XC26KcrSFBg8EXTCA\" target=\"_blank\" rel=\"noreferrer noopener\">A Provinciana<\/a> o <a href=\"https:\/\/maps.app.goo.gl\/S7KcLRxgSAFcKWwL8\" target=\"_blank\" data-type=\"link\" data-id=\"https:\/\/maps.app.goo.gl\/S7KcLRxgSAFcKWwL8\" rel=\"noreferrer noopener\">A Merendinha do Arco Bandeira<\/a>.<\/li>\n<\/ul>\n<\/div><\/div>\n\n\n\n<h3 class=\"wp-block-heading\"><strong>Polvo \u00e0 Lagareiro<\/strong><\/h3>\n\n\n\n<figure class=\"wp-block-image size-large\"><img loading=\"lazy\" decoding=\"async\" width=\"1024\" height=\"768\" src=\"https:\/\/nomadeculturale.com\/wp-content\/uploads\/2024\/10\/Polvo-a-Lagareiro-para-probar-en-un-viaje-a-Lisboa-1024x768.jpg\" alt=\"Polvo \u00e0 Lagareiro, para probar en un viaje a Lisboa\" class=\"wp-image-5223\" srcset=\"https:\/\/nomadeculturale.com\/wp-content\/uploads\/2024\/10\/Polvo-a-Lagareiro-para-probar-en-un-viaje-a-Lisboa-1024x768.jpg 1024w, https:\/\/nomadeculturale.com\/wp-content\/uploads\/2024\/10\/Polvo-a-Lagareiro-para-probar-en-un-viaje-a-Lisboa-300x225.jpg 300w, https:\/\/nomadeculturale.com\/wp-content\/uploads\/2024\/10\/Polvo-a-Lagareiro-para-probar-en-un-viaje-a-Lisboa-768x576.jpg 768w, https:\/\/nomadeculturale.com\/wp-content\/uploads\/2024\/10\/Polvo-a-Lagareiro-para-probar-en-un-viaje-a-Lisboa-1536x1152.jpg 1536w, https:\/\/nomadeculturale.com\/wp-content\/uploads\/2024\/10\/Polvo-a-Lagareiro-para-probar-en-un-viaje-a-Lisboa.jpg 1600w\" sizes=\"auto, (max-width: 1024px) 100vw, 1024px\" \/><\/figure>\n\n\n\n<p>Entre los platos de pescado m\u00e1s venerados de la cocina portuguesa destaca el Polvo \u00e0 Lagareiro, una preparaci\u00f3n que resalta la ternura del pulpo a trav\u00e9s de una cocci\u00f3n cuidadosa y un uso generoso de aceite de oliva. Los ingredientes son simples pero fundamentales: pulpo, patatas, ajo, cebolla, laurel y, por supuesto, aceite de oliva virgen extra de alta calidad, que confiere al plato su caracter\u00edstico sabor rico y envolvente.<\/p>\n\n\n\n<p><strong>\u00bfCu\u00e1les son sus or\u00edgenes hist\u00f3ricos?<\/strong><\/p>\n\n\n\n<p>Los or\u00edgenes de esta receta se remontan a varios siglos atr\u00e1s en la regi\u00f3n de las Beiras, entre los r\u00edos Duero y Tajo, donde se encuentran algunos de los m\u00e1s antiguos molinos (lagar) de Portugal. El nombre \u201clagareiro\u201d proviene precisamente del trabajador del molino responsable de la producci\u00f3n del aceite de oliva.<\/p>\n\n\n\n<p><strong>\u00bfExisten versiones particulares?<\/strong><\/p>\n\n\n\n<p>Inicialmente, el pulpo se empanaba con pan duro y se fre\u00eda en aceite reci\u00e9n exprimido, acompa\u00f1ado de ajo crudo o asado.<\/p>\n\n\n\n<p>La <strong>versi\u00f3n moderna<\/strong> implica que el pulpo se cueza primero hasta alcanzar la ternura adecuada y luego se dore a alta temperatura para obtener una superficie crujiente.<\/p>\n\n\n\n<p>Las patatas, otro elemento fundamental del plato, se hierven primero y luego se aplastan ligeramente antes de ser asadas junto con el pulpo, absorbiendo todos los sabores del aceite aromatizado con ajo.<\/p>\n\n\n<style>.kadence-column4776_ed6915-79 > .kt-inside-inner-col{padding-top:var(--global-kb-spacing-xs, 1rem);padding-right:var(--global-kb-spacing-xs, 1rem);padding-bottom:var(--global-kb-spacing-xs, 1rem);padding-left:var(--global-kb-spacing-xs, 1rem);}.kadence-column4776_ed6915-79 > .kt-inside-inner-col,.kadence-column4776_ed6915-79 > .kt-inside-inner-col:before{border-top-left-radius:0px;border-top-right-radius:0px;border-bottom-right-radius:0px;border-bottom-left-radius:0px;}.kadence-column4776_ed6915-79 > .kt-inside-inner-col{column-gap:var(--global-kb-gap-sm, 1rem);}.kadence-column4776_ed6915-79 > .kt-inside-inner-col{flex-direction:column;}.kadence-column4776_ed6915-79 > .kt-inside-inner-col > .aligncenter{width:100%;}.kadence-column4776_ed6915-79 > .kt-inside-inner-col{background-color:rgba(255, 188, 64, 0.15);}.kadence-column4776_ed6915-79 > .kt-inside-inner-col:before{opacity:0.3;}.kadence-column4776_ed6915-79{position:relative;}.kadence-column4776_ed6915-79, .kt-inside-inner-col > .kadence-column4776_ed6915-79:not(.specificity){margin-top:var(--global-kb-spacing-xxs, 0.5rem);margin-bottom:var(--global-kb-spacing-xs, 1rem);}@media all and (max-width: 1024px){.kadence-column4776_ed6915-79 > .kt-inside-inner-col{flex-direction:column;justify-content:center;}}@media all and (max-width: 767px){.kadence-column4776_ed6915-79 > .kt-inside-inner-col{flex-direction:column;justify-content:center;}}<\/style>\n<div class=\"wp-block-kadence-column kadence-column4776_ed6915-79\"><div class=\"kt-inside-inner-col\">\n<ul class=\"wp-block-list\">\n<li><strong>Precio medio<\/strong>: 15-22\u20ac<\/li>\n\n\n\n<li><strong>Cu\u00e1ndo<\/strong>: almuerzo o cena<\/li>\n\n\n\n<li><strong>Restaurantes donde probar el Polvo \u00e0 Lagareiro<\/strong>: <a href=\"https:\/\/maps.app.goo.gl\/YiR3XJr5sE4GXKFg9\" target=\"_blank\" data-type=\"link\" data-id=\"https:\/\/maps.app.goo.gl\/YiR3XJr5sE4GXKFg9\" rel=\"noreferrer noopener\">Grelha do Carmo<\/a><\/li>\n<\/ul>\n<\/div><\/div>\n\n\n\n<h3 class=\"wp-block-heading\"><strong>Carne de Porco \u00e0 Alentejana<\/strong><\/h3>\n\n\n\n<figure class=\"wp-block-image size-large\"><img loading=\"lazy\" decoding=\"async\" width=\"1024\" height=\"768\" src=\"https:\/\/nomadeculturale.com\/wp-content\/uploads\/2024\/10\/Carne-de-Porco-a-Alentejana-en-Lisboa-1024x768.jpg\" alt=\"Carne de Porco \u00e0 Alentejana, en Lisboa\" class=\"wp-image-5214\" srcset=\"https:\/\/nomadeculturale.com\/wp-content\/uploads\/2024\/10\/Carne-de-Porco-a-Alentejana-en-Lisboa-1024x768.jpg 1024w, https:\/\/nomadeculturale.com\/wp-content\/uploads\/2024\/10\/Carne-de-Porco-a-Alentejana-en-Lisboa-300x225.jpg 300w, https:\/\/nomadeculturale.com\/wp-content\/uploads\/2024\/10\/Carne-de-Porco-a-Alentejana-en-Lisboa-768x576.jpg 768w, https:\/\/nomadeculturale.com\/wp-content\/uploads\/2024\/10\/Carne-de-Porco-a-Alentejana-en-Lisboa-1536x1152.jpg 1536w, https:\/\/nomadeculturale.com\/wp-content\/uploads\/2024\/10\/Carne-de-Porco-a-Alentejana-en-Lisboa.jpg 1600w\" sizes=\"auto, (max-width: 1024px) 100vw, 1024px\" \/><\/figure>\n\n\n\n<p>\u00bfQu\u00e9 comer t\u00edpico en Lisboa? Pocos platos logran unir tierra y mar con tanta maestr\u00eda como la carne de porco \u00e0 alentejana.<\/p>\n\n\n\n<p>La preparaci\u00f3n combina carne de cerdo cortada en cubos que se marinan en vino blanco, almejas frescas, patatas, ajo, piment\u00f3n y hojas de laurel.<\/p>\n\n\n\n<p><strong>\u00bfCu\u00e1les son los or\u00edgenes de la carne de porco \u00e0 alentejana?<\/strong><\/p>\n\n\n\n<p>A pesar de que el nombre sugiere un origen en la regi\u00f3n del Alentejo, en realidad el plato naci\u00f3 en el Algarve.<\/p>\n\n\n\n<p>La historia cuenta que los pescadores locales a\u00f1ad\u00edan las almejas al cerdo para enmascarar el sabor a pescado de la carne de los cerdos que eran alimentados con los restos de la industria pesquera.<\/p>\n\n\n\n<p>Posteriormente, el plato tom\u00f3 el nombre del Alentejo ya que en esa regi\u00f3n los cerdos, alimentados con bellotas, produc\u00edan una carne de calidad superior.<\/p>\n\n\n\n<p><strong>\u00bfExisten variantes?<\/strong><\/p>\n\n\n\n<p>La preparaci\u00f3n tradicional implica que el cerdo se marine primero y luego se dore hasta obtener un color dorado, para luego cocinarse lentamente en su salsa. Las patatas se fr\u00eden por separado hasta volverse crujientes, mientras que las almejas se a\u00f1aden solo en los \u00faltimos minutos de cocci\u00f3n. El plato a menudo se adorna con cilantro fresco.<\/p>\n\n\n<style>.kadence-column4776_2c97c9-77 > .kt-inside-inner-col{padding-top:var(--global-kb-spacing-xs, 1rem);padding-right:var(--global-kb-spacing-xs, 1rem);padding-bottom:var(--global-kb-spacing-xs, 1rem);padding-left:var(--global-kb-spacing-xs, 1rem);}.kadence-column4776_2c97c9-77 > .kt-inside-inner-col,.kadence-column4776_2c97c9-77 > .kt-inside-inner-col:before{border-top-left-radius:0px;border-top-right-radius:0px;border-bottom-right-radius:0px;border-bottom-left-radius:0px;}.kadence-column4776_2c97c9-77 > .kt-inside-inner-col{column-gap:var(--global-kb-gap-sm, 1rem);}.kadence-column4776_2c97c9-77 > .kt-inside-inner-col{flex-direction:column;}.kadence-column4776_2c97c9-77 > .kt-inside-inner-col > .aligncenter{width:100%;}.kadence-column4776_2c97c9-77 > .kt-inside-inner-col{background-color:rgba(255, 188, 64, 0.15);}.kadence-column4776_2c97c9-77 > .kt-inside-inner-col:before{opacity:0.3;}.kadence-column4776_2c97c9-77{position:relative;}.kadence-column4776_2c97c9-77, .kt-inside-inner-col > .kadence-column4776_2c97c9-77:not(.specificity){margin-top:var(--global-kb-spacing-xxs, 0.5rem);margin-bottom:var(--global-kb-spacing-xs, 1rem);}@media all and (max-width: 1024px){.kadence-column4776_2c97c9-77 > .kt-inside-inner-col{flex-direction:column;justify-content:center;}}@media all and (max-width: 767px){.kadence-column4776_2c97c9-77 > .kt-inside-inner-col{flex-direction:column;justify-content:center;}}<\/style>\n<div class=\"wp-block-kadence-column kadence-column4776_2c97c9-77\"><div class=\"kt-inside-inner-col\">\n<ul class=\"wp-block-list\">\n<li><strong>Precio medio<\/strong>: 10\u201315\u20ac<\/li>\n\n\n\n<li><strong>Cu\u00e1ndo<\/strong>: almuerzo o cena<\/li>\n\n\n\n<li><strong>Restaurantes donde probar la carne de porco \u00e0 alentejana<\/strong>: cualquier tasca o restaurante t\u00edpico<\/li>\n<\/ul>\n<\/div><\/div>\n\n\n\n<h3 class=\"wp-block-heading\"><strong>Past\u00e9is de Nata<\/strong><\/h3>\n\n\n\n<figure class=\"wp-block-image size-large\"><img loading=\"lazy\" decoding=\"async\" width=\"1024\" height=\"768\" src=\"https:\/\/nomadeculturale.com\/wp-content\/uploads\/2024\/10\/Pasteles-de-nata-para-comer-en-Lisboa-1024x768.jpg\" alt=\"Pasteles de nata, para comer en Lisboa\" class=\"wp-image-5220\" srcset=\"https:\/\/nomadeculturale.com\/wp-content\/uploads\/2024\/10\/Pasteles-de-nata-para-comer-en-Lisboa-1024x768.jpg 1024w, https:\/\/nomadeculturale.com\/wp-content\/uploads\/2024\/10\/Pasteles-de-nata-para-comer-en-Lisboa-300x225.jpg 300w, https:\/\/nomadeculturale.com\/wp-content\/uploads\/2024\/10\/Pasteles-de-nata-para-comer-en-Lisboa-768x576.jpg 768w, https:\/\/nomadeculturale.com\/wp-content\/uploads\/2024\/10\/Pasteles-de-nata-para-comer-en-Lisboa-1536x1152.jpg 1536w, https:\/\/nomadeculturale.com\/wp-content\/uploads\/2024\/10\/Pasteles-de-nata-para-comer-en-Lisboa.jpg 1600w\" sizes=\"auto, (max-width: 1024px) 100vw, 1024px\" \/><\/figure>\n\n\n\n<p>Y ahora pasamos a los postres que debes probar absolutamente en Lisboa. El primero es sin duda representado por los <strong>past\u00e9is de nata<\/strong>.<\/p>\n\n\n\n<p><strong>\u00bfQu\u00e9 son exactamente?<\/strong><\/p>\n\n\n\n<p><strong>Peque\u00f1as tartaletas de masa hojaldrada<\/strong> crujientes por fuera y cremosas por dentro, gracias al relleno de crema de huevo.<\/p>\n\n\n\n<p>La superficie tambi\u00e9n presenta un caracter\u00edstico color dorado, con manchas de caramelizaci\u00f3n. Se sirven espolvoreadas con az\u00facar glas y canela.<\/p>\n\n\n\n<p><strong>\u00bfCu\u00e1les son los or\u00edgenes de los past\u00e9is de nata?<\/strong><\/p>\n\n\n\n<p>Estos deliciosos dulces nacen en el <strong>Monasterio dos Jer\u00f3nimos<\/strong> en el <a href=\"https:\/\/nomadeculturale.com\/es\/barrio-belem-lisboa-que-ver\/\" target=\"_blank\" data-type=\"post\" data-id=\"4794\" rel=\"noreferrer noopener\">barrio de Bel\u00e9m<\/a>, antes del <strong>siglo XVIII<\/strong>.<\/p>\n\n\n\n<p>Los monjes utilizaban las claras de huevo para almidonar la ropa y, para no desperdiciar las yemas, las empleaban en la preparaci\u00f3n de estos dulces. En 1834, con el cierre del monasterio, la receta original fue cedida a un empresario que abri\u00f3 la famosa F\u00e1brica de Past\u00e9is de Bel\u00e9m, que a\u00fan hoy es gestionada por sus descendientes.<\/p>\n\n\n\n<p><strong>\u00bfExisten variantes?<\/strong><\/p>\n\n\n\n<p>La versi\u00f3n original, llamada pastel de Bel\u00e9m, solo puede ser degustada en la antigua pasteler\u00eda cerca del monasterio, donde la receta secreta se guarda celosamente en la \u201cOficina do Segredo\u201d. Otras pasteler\u00edas crean una versi\u00f3n \u201cmenos grasosa\u201d y m\u00e1s dulce que la receta original.<\/p>\n\n\n<style>.kadence-column4776_ade0d8-78 > .kt-inside-inner-col{padding-top:var(--global-kb-spacing-xs, 1rem);padding-right:var(--global-kb-spacing-xs, 1rem);padding-bottom:var(--global-kb-spacing-xs, 1rem);padding-left:var(--global-kb-spacing-xs, 1rem);}.kadence-column4776_ade0d8-78 > .kt-inside-inner-col,.kadence-column4776_ade0d8-78 > .kt-inside-inner-col:before{border-top-left-radius:0px;border-top-right-radius:0px;border-bottom-right-radius:0px;border-bottom-left-radius:0px;}.kadence-column4776_ade0d8-78 > .kt-inside-inner-col{column-gap:var(--global-kb-gap-sm, 1rem);}.kadence-column4776_ade0d8-78 > .kt-inside-inner-col{flex-direction:column;}.kadence-column4776_ade0d8-78 > .kt-inside-inner-col > .aligncenter{width:100%;}.kadence-column4776_ade0d8-78 > .kt-inside-inner-col{background-color:rgba(255, 188, 64, 0.15);}.kadence-column4776_ade0d8-78 > .kt-inside-inner-col:before{opacity:0.3;}.kadence-column4776_ade0d8-78{position:relative;}.kadence-column4776_ade0d8-78, .kt-inside-inner-col > .kadence-column4776_ade0d8-78:not(.specificity){margin-top:var(--global-kb-spacing-xxs, 0.5rem);margin-bottom:var(--global-kb-spacing-xs, 1rem);}@media all and (max-width: 1024px){.kadence-column4776_ade0d8-78 > .kt-inside-inner-col{flex-direction:column;justify-content:center;}}@media all and (max-width: 767px){.kadence-column4776_ade0d8-78 > .kt-inside-inner-col{flex-direction:column;justify-content:center;}}<\/style>\n<div class=\"wp-block-kadence-column kadence-column4776_ade0d8-78\"><div class=\"kt-inside-inner-col\">\n<ul class=\"wp-block-list\">\n<li><strong>Precio medio<\/strong>: 1,20\u20132\u20ac por pastel<\/li>\n\n\n\n<li><strong>Cu\u00e1ndo<\/strong>: postre, en cualquier momento<\/li>\n\n\n\n<li><strong>Pasteler\u00edas donde probar los past\u00e9is de nata:<\/strong> <a href=\"https:\/\/maps.app.goo.gl\/tdx6pTWHuXEVVEwB9\" target=\"_blank\" rel=\"noreferrer noopener\">Past\u00e9is de Bel\u00e9m<\/a> para la receta original, o <a href=\"https:\/\/maps.app.goo.gl\/yJpXxLyeUM7EvfQJ7\" target=\"_blank\" rel=\"noreferrer noopener\">Manteigaria<\/a> para una excelente versi\u00f3n alternativa. Tambi\u00e9n es muy buena la versi\u00f3n de <a href=\"https:\/\/maps.app.goo.gl\/STU7xSAzECLf16Qe8\" target=\"_blank\" rel=\"noreferrer noopener\">Aloma<\/a>, que ha ganado varios premios.<\/li>\n<\/ul>\n<\/div><\/div>\n\n\n\n<h3 class=\"wp-block-heading\"><strong>Travesseiro de Sintra<\/strong><\/h3>\n\n\n\n<figure class=\"wp-block-image size-large\"><img loading=\"lazy\" decoding=\"async\" width=\"1024\" height=\"768\" src=\"https:\/\/nomadeculturale.com\/wp-content\/uploads\/2024\/10\/Travesseiro-comido-en-Casa-Piriquita-en-Lisboa-1024x768.jpg\" alt=\"Travesseiro, comido en Casa Piriquita en Lisboa\" class=\"wp-image-5235\" srcset=\"https:\/\/nomadeculturale.com\/wp-content\/uploads\/2024\/10\/Travesseiro-comido-en-Casa-Piriquita-en-Lisboa-1024x768.jpg 1024w, https:\/\/nomadeculturale.com\/wp-content\/uploads\/2024\/10\/Travesseiro-comido-en-Casa-Piriquita-en-Lisboa-300x225.jpg 300w, https:\/\/nomadeculturale.com\/wp-content\/uploads\/2024\/10\/Travesseiro-comido-en-Casa-Piriquita-en-Lisboa-768x576.jpg 768w, https:\/\/nomadeculturale.com\/wp-content\/uploads\/2024\/10\/Travesseiro-comido-en-Casa-Piriquita-en-Lisboa-1536x1152.jpg 1536w, https:\/\/nomadeculturale.com\/wp-content\/uploads\/2024\/10\/Travesseiro-comido-en-Casa-Piriquita-en-Lisboa.jpg 1600w\" sizes=\"auto, (max-width: 1024px) 100vw, 1024px\" \/><\/figure>\n\n\n\n<p>La palabra \u00ab<strong>travesseiro<\/strong>\u00bb en portugu\u00e9s significa \u00ab<strong>almohada<\/strong>\u00ab, un nombre perfectamente acertado para este delicado dulce hecho de hojaldre relleno de una suave <strong>crema a base de yemas de huevo y almendras<\/strong>.<\/p>\n\n\n\n<p>La superficie se espolvorea con az\u00facar glas, mientras que el interior esconde una bolsa de aire que hace que el bocado sea a\u00fan m\u00e1s ligero y envolvente.<\/p>\n\n\n\n<p><strong>\u00bfCu\u00e1les son sus or\u00edgenes?<\/strong><\/p>\n\n\n\n<p>Esta especialidad naci\u00f3 en los a\u00f1os 40 en la <strong>hist\u00f3rica pasteler\u00eda Casa Piriquita de Sintra<\/strong>, fundada en 1862.<\/p>\n\n\n\n<p>La receta original fue creada por Const\u00e2ncia Lu\u00edsa dos Santos Cunha, nieta de los fundadores, quien se inspir\u00f3 en un antiguo recetario a\u00f1adiendo un ingrediente secreto que hizo \u00fanico este dulce.<\/p>\n\n\n\n<p><strong>\u00bfExisten variantes?<\/strong><\/p>\n\n\n\n<p>Hoy en d\u00eda es posible encontrar diferentes variantes del travesseiro, algunas rellenas de crema de chocolate o de manzana, pero ninguna logra igualar la bondad de la receta original. Tradicionalmente se sirve tibio, acompa\u00f1ado de un caf\u00e9 expreso (la \u00abbica\u00bb) o una taza de t\u00e9.<\/p>\n\n\n<style>.kadence-column4776_4f9f39-bc > .kt-inside-inner-col{padding-top:var(--global-kb-spacing-xs, 1rem);padding-right:var(--global-kb-spacing-xs, 1rem);padding-bottom:var(--global-kb-spacing-xs, 1rem);padding-left:var(--global-kb-spacing-xs, 1rem);}.kadence-column4776_4f9f39-bc > .kt-inside-inner-col,.kadence-column4776_4f9f39-bc > .kt-inside-inner-col:before{border-top-left-radius:0px;border-top-right-radius:0px;border-bottom-right-radius:0px;border-bottom-left-radius:0px;}.kadence-column4776_4f9f39-bc > .kt-inside-inner-col{column-gap:var(--global-kb-gap-sm, 1rem);}.kadence-column4776_4f9f39-bc > .kt-inside-inner-col{flex-direction:column;}.kadence-column4776_4f9f39-bc > .kt-inside-inner-col > .aligncenter{width:100%;}.kadence-column4776_4f9f39-bc > .kt-inside-inner-col{background-color:rgba(255, 188, 64, 0.15);}.kadence-column4776_4f9f39-bc > .kt-inside-inner-col:before{opacity:0.3;}.kadence-column4776_4f9f39-bc{position:relative;}.kadence-column4776_4f9f39-bc, .kt-inside-inner-col > .kadence-column4776_4f9f39-bc:not(.specificity){margin-top:var(--global-kb-spacing-xxs, 0.5rem);margin-bottom:var(--global-kb-spacing-xs, 1rem);}@media all and (max-width: 1024px){.kadence-column4776_4f9f39-bc > .kt-inside-inner-col{flex-direction:column;justify-content:center;}}@media all and (max-width: 767px){.kadence-column4776_4f9f39-bc > .kt-inside-inner-col{flex-direction:column;justify-content:center;}}<\/style>\n<div class=\"wp-block-kadence-column kadence-column4776_4f9f39-bc\"><div class=\"kt-inside-inner-col\">\n<ul class=\"wp-block-list\">\n<li><strong>Precio medio<\/strong>: 1,50\u20132\u20ac por travesseiro<\/li>\n\n\n\n<li><strong>Cu\u00e1ndo<\/strong>: postre, en cualquier momento<\/li>\n\n\n\n<li><strong>Pasteler\u00edas donde probar el travesseiro:<\/strong> <a href=\"https:\/\/maps.app.goo.gl\/npCjb2ExmL4wKKei9\" target=\"_blank\" rel=\"noreferrer noopener\">Casa Piriquita Lisboa<\/a>.<\/li>\n<\/ul>\n<\/div><\/div>\n\n\n\n<h2 class=\"wp-block-heading\"><strong>La comida callejera t\u00edpica de Lisboa<\/strong><\/h2>\n\n\n\n<p>Y ahora hablemos de la comida callejera que hay que probar absolutamente en Lisboa:<\/p>\n\n\n\n<ul class=\"wp-block-list\">\n<li><strong>La bifana<\/strong>: finas lonchas de cerdo marinadas con ajo, especias y vino blanco, servidas en un pan blando que absorbe todos los jugos de la carne. Los locales m\u00e1s famosos para probar este bocadillo son <strong>O Trevo<\/strong>, hecho famoso por Anthony Bourdain, y<strong> As Bifanas do Afonso<\/strong> (3-5\u20ac).<\/li>\n\n\n\n<li><strong>Francesinha<\/strong>: igualmente popular, se trata de un bocadillo contundente que contiene jam\u00f3n, huevo, salchicha fresca y carne asada, todo ello cubierto de queso fundido y una rica salsa a base de tomate y cerveza. Aunque es originaria de Oporto, en Lisboa puedes encontrar excelentes versiones de este plato, tradicionalmente servido con patatas fritas (10-15\u20ac).<\/li>\n\n\n\n<li><strong>Salgados<\/strong>: son peque\u00f1os bocados fritos disponibles en todos los bares y pasteler\u00edas de la ciudad. Las variedades m\u00e1s populares incluyen los pastel de bacalhau (bu\u00f1uelos de bacalao), los riss\u00f3is (empanadillas rellenas de pescado o carne) y las croquetes (croquetas).<\/li>\n<\/ul>\n\n\n\n<h2 class=\"wp-block-heading\"><strong>Qu\u00e9 beber t\u00edpico en Lisboa<\/strong><\/h2>\n\n\n\n<p>Finalmente, para concluir este art\u00edculo sobre qu\u00e9 beber y comer en Lisboa, hablemos de las bebidas t\u00edpicas:<\/p>\n\n\n\n<ul class=\"wp-block-list\">\n<li><strong>Ginja<\/strong>: entre los callejones de Lisboa, peque\u00f1as tiendas hist\u00f3ricas sirven la Ginja o Ginjinha, un delicioso licor de cerezas silvestres preparado con aguardiente, az\u00facar y especias como canela y clavo.<\/li>\n\n\n\n<li><strong>Vinos<\/strong>: en los restaurantes y vinotecas, el vino local m\u00e1s com\u00fan es el Vinho Verde, un vino blanco fresco y ligero producido en la regi\u00f3n norte de Portugal. Se distingue por su car\u00e1cter naturalmente espumoso, su bajo contenido alcoh\u00f3lico (9-11%) y sus notas de c\u00edtricos y manzana verde. Combina perfectamente con platos de pescado, mariscos e incluso con comidas picantes.<\/li>\n\n\n\n<li><strong>Cervezas<\/strong>: en cuanto a la cerveza, en Lisboa la competencia es entre Super Bock y Sagres, que son las dos marcas m\u00e1s famosas. \u00a1Pru\u00e9balas ambas!<\/li>\n\n\n\n<li><strong>Aguardiente de Madro\u00f1o<\/strong>: en las zonas m\u00e1s tradicionales de la ciudad puedes probar el Aguardente de Medronho, un fuerte destilado producido a partir de los frutos del \u00e1rbol del madro\u00f1o. A menudo se sirve como digestivo o se a\u00f1ade al caf\u00e9 para crear el \u00abcaf\u00e9 com cheirinho\u00bb. La mejor versi\u00f3n la encuentras en peque\u00f1as tiendas especializadas, donde se vende tanto lisa como aromatizada con miel y hierbas.<\/li>\n<\/ul>\n\n\n\n<h2 class=\"wp-block-heading\"><strong>Otras gu\u00edas para ayudarte a planificar tu viaje perfecto a Lisboa<\/strong><\/h2>\n\n\n\n<p>Aqu\u00ed tienes otras gu\u00edas \u00fatiles para organizar tu visita a Lisboa:<\/p>\n\n\n\n<ul class=\"wp-block-list\">\n<li><strong><a href=\"https:\/\/nomadeculturale.com\/es\/como-moverse-por-lisboa-transporte-publico\/\" data-type=\"post\" data-id=\"4614\">C\u00f3mo moverse por Lisboa en transporte p\u00fablico<\/a><\/strong><\/li>\n\n\n\n<li><strong><a href=\"https:\/\/nomadeculturale.com\/es\/barrios-de-lisboa-para-visitar\/\" data-type=\"post\" data-id=\"4833\">Barrios que visitar en Lisboa<\/a><\/strong><\/li>\n\n\n\n<li><strong><a href=\"https:\/\/nomadeculturale.com\/es\/que-comprar-en-lisboa\/\" data-type=\"post\" data-id=\"4605\">Qu\u00e9 comprar en Lisboa y d\u00f3nde<\/a><\/strong><\/li>\n<\/ul>\n\n\n\n<p><\/p>\n","protected":false},"excerpt":{"rendered":"<p>Gu\u00eda pr\u00e1ctica y actualizada para descubrir qu\u00e9 comer en Lisboa y a qu\u00e9 restaurantes ir (probados por m\u00ed).<\/p>\n","protected":false},"author":1,"featured_media":5226,"comment_status":"open","ping_status":"open","sticky":false,"template":"","format":"standard","meta":{"_editorskit_title_hidden":false,"_editorskit_reading_time":0,"_editorskit_is_block_options_detached":false,"_editorskit_block_options_position":"{}","_kad_blocks_custom_css":"","_kad_blocks_head_custom_js":"","_kad_blocks_body_custom_js":"","_kad_blocks_footer_custom_js":"","_kadence_starter_templates_imported_post":false,"_kad_post_transparent":"","_kad_post_title":"","_kad_post_layout":"","_kad_post_sidebar_id":"","_kad_post_content_style":"","_kad_post_vertical_padding":"","_kad_post_feature":"","_kad_post_feature_position":"","_kad_post_header":false,"_kad_post_footer":false,"footnotes":""},"categories":[324,325],"tags":[],"class_list":["post-4776","post","type-post","status-publish","format-standard","has-post-thumbnail","hentry","category-lisboa","category-portugal"],"taxonomy_info":{"category":[{"value":324,"label":"Lisboa"},{"value":325,"label":"Portugal"}]},"featured_image_src_large":["https:\/\/nomadeculturale.com\/wp-content\/uploads\/2024\/10\/Que-comer-en-Lisboa-y-donde-1024x768.jpg",1024,768,true],"author_info":{"display_name":"Alex Bulla","author_link":"https:\/\/nomadeculturale.com\/es\/author\/alex_viaggiatore_culturale\/"},"comment_info":1,"category_info":[{"term_id":324,"name":"Lisboa","slug":"lisboa","term_group":0,"term_taxonomy_id":324,"taxonomy":"category","description":"","parent":0,"count":27,"filter":"raw","cat_ID":324,"category_count":27,"category_description":"","cat_name":"Lisboa","category_nicename":"lisboa","category_parent":0},{"term_id":325,"name":"Portugal","slug":"portugal","term_group":0,"term_taxonomy_id":325,"taxonomy":"category","description":"","parent":0,"count":24,"filter":"raw","cat_ID":325,"category_count":24,"category_description":"","cat_name":"Portugal","category_nicename":"portugal","category_parent":0}],"tag_info":false,"_links":{"self":[{"href":"https:\/\/nomadeculturale.com\/es\/wp-json\/wp\/v2\/posts\/4776","targetHints":{"allow":["GET"]}}],"collection":[{"href":"https:\/\/nomadeculturale.com\/es\/wp-json\/wp\/v2\/posts"}],"about":[{"href":"https:\/\/nomadeculturale.com\/es\/wp-json\/wp\/v2\/types\/post"}],"author":[{"embeddable":true,"href":"https:\/\/nomadeculturale.com\/es\/wp-json\/wp\/v2\/users\/1"}],"replies":[{"embeddable":true,"href":"https:\/\/nomadeculturale.com\/es\/wp-json\/wp\/v2\/comments?post=4776"}],"version-history":[{"count":10,"href":"https:\/\/nomadeculturale.com\/es\/wp-json\/wp\/v2\/posts\/4776\/revisions"}],"predecessor-version":[{"id":5272,"href":"https:\/\/nomadeculturale.com\/es\/wp-json\/wp\/v2\/posts\/4776\/revisions\/5272"}],"wp:featuredmedia":[{"embeddable":true,"href":"https:\/\/nomadeculturale.com\/es\/wp-json\/wp\/v2\/media\/5226"}],"wp:attachment":[{"href":"https:\/\/nomadeculturale.com\/es\/wp-json\/wp\/v2\/media?parent=4776"}],"wp:term":[{"taxonomy":"category","embeddable":true,"href":"https:\/\/nomadeculturale.com\/es\/wp-json\/wp\/v2\/categories?post=4776"},{"taxonomy":"post_tag","embeddable":true,"href":"https:\/\/nomadeculturale.com\/es\/wp-json\/wp\/v2\/tags?post=4776"}],"curies":[{"name":"wp","href":"https:\/\/api.w.org\/{rel}","templated":true}]}}