{"id":4725,"date":"2024-02-01T20:42:53","date_gmt":"2024-02-01T19:42:53","guid":{"rendered":"https:\/\/nomadeculturale.com\/lisbona-a-maggio-cosa-fare\/"},"modified":"2025-04-21T13:39:45","modified_gmt":"2025-04-21T12:39:45","slug":"lisboa-en-mayo","status":"publish","type":"post","link":"https:\/\/nomadeculturale.com\/es\/lisboa-en-mayo\/","title":{"rendered":"Lisboa en mayo 2025: 10 cosas que hacer, qu\u00e9 llevar y clima"},"content":{"rendered":"\n<p>\u00bfEst\u00e1s pensando en <strong>visitar Lisboa en mayo<\/strong>?<\/p>\n\n\n\n<p><em>\u00bfTe gustar\u00eda saber qu\u00e9 tiempo hace, qu\u00e9 eventos hay y c\u00f3mo prepararte para disfrutarlo al m\u00e1ximo?<\/em><\/p>\n\n\n\n<p>En esta gu\u00eda, que he escrito despu\u00e9s de haber vivido en Lisboa, te cuento todo lo que necesitas saber para sacarle el jugo a la ciudad durante uno de los meses m\u00e1s agradables del a\u00f1o.<\/p>\n\n\n\n<p>Aqu\u00ed tienes un adelanto de lo que vas a encontrar:<\/p>\n\n\n\n<ul class=\"wp-block-list\">\n<li><strong>Qu\u00e9 hacer en Lisboa en mayo<\/strong> (con planes variados y actividades que merecen la pena).<\/li>\n\n\n\n<li>Principales <strong>eventos<\/strong> y celebraciones del mes.<\/li>\n\n\n\n<li>Informaci\u00f3n sobre el <strong>clima<\/strong>, <strong>temperaturas<\/strong> y consejos sobre <strong>qu\u00e9 ropa llevar<\/strong>.<\/li>\n<\/ul>\n\n\n\n<p>\u00bfPreparada\/o para descubrir todo lo que Lisboa tiene reservado en mayo? \u00a1Vamos a ello!<\/p>\n\n\n\n<h2 class=\"wp-block-heading\"><strong>10 cosas que hacer en Lisboa en mayo<\/strong><\/h2>\n\n\n\n<p>En esta secci\u00f3n he reunido los 10 eventos y cosas m\u00e1s interesantes para hacer en el mes de mayo.<\/p>\n\n\n<style>.kadence-column4725_8e12df-14 > .kt-inside-inner-col{padding-top:var(--global-kb-spacing-xs, 1rem);padding-right:var(--global-kb-spacing-xs, 1rem);padding-bottom:var(--global-kb-spacing-xs, 1rem);padding-left:var(--global-kb-spacing-xs, 1rem);}.kadence-column4725_8e12df-14 > .kt-inside-inner-col,.kadence-column4725_8e12df-14 > .kt-inside-inner-col:before{border-top-left-radius:0px;border-top-right-radius:0px;border-bottom-right-radius:0px;border-bottom-left-radius:0px;}.kadence-column4725_8e12df-14 > .kt-inside-inner-col{column-gap:var(--global-kb-gap-sm, 1rem);}.kadence-column4725_8e12df-14 > .kt-inside-inner-col{flex-direction:column;}.kadence-column4725_8e12df-14 > .kt-inside-inner-col > .aligncenter{width:100%;}.kadence-column4725_8e12df-14 > .kt-inside-inner-col{background-color:rgba(255, 188, 64, 0.15);}.kadence-column4725_8e12df-14 > .kt-inside-inner-col:before{opacity:0.3;}.kadence-column4725_8e12df-14{position:relative;}.kadence-column4725_8e12df-14, .kt-inside-inner-col > .kadence-column4725_8e12df-14:not(.specificity){margin-top:var(--global-kb-spacing-xxs, 0.5rem);margin-bottom:var(--global-kb-spacing-xs, 1rem);}@media all and (max-width: 1024px){.kadence-column4725_8e12df-14 > .kt-inside-inner-col{flex-direction:column;justify-content:center;}}@media all and (max-width: 767px){.kadence-column4725_8e12df-14 > .kt-inside-inner-col{flex-direction:column;justify-content:center;}}<\/style>\n<div class=\"wp-block-kadence-column kadence-column4725_8e12df-14\"><div class=\"kt-inside-inner-col\">\n<p style=\"font-size:24px\"><strong>Pero primero&#8230; \u00bfd\u00f3nde alojarse en Lisboa en mayo?<\/strong><\/p>\n\n\n\n<p>Si a\u00fan no has reservado tu alojamiento, estas son las que considero las mejores zonas a tener en cuenta. Tambi\u00e9n encontrar\u00e1s los alojamientos recomendados en cada zona:<\/p>\n\n\n\n<p>1) <strong>Baixa y Chiado (centro de Lisboa):<\/strong><\/p>\n\n\n\n<p>Se trata de la parte no monta\u00f1osa del centro (Lisboa est\u00e1 construida sobre 7 colinas). Los barrios que considero mejores para quienes visitan la ciudad por primera vez.<\/p>\n\n\n\n<p>\u00bfPor qu\u00e9? Est\u00e1n bien comunicados, se puede caminar y albergan muchas atracciones.<\/p>\n\n\n\n<p><strong>Alojamientos que te recomiendo en el centro de Lisboa:<\/strong><\/p>\n\n\n\n<ul class=\"wp-block-list\">\n<li><strong>Econ\u00f3mico: <a href=\"https:\/\/www.booking.com\/hotel\/pt\/home-lisbon-hostel-lisboa.es.html?aid=2290770&amp;no_rooms=1&amp;group_adults=2&amp;label=nomade_lisboa_mayo_post\" target=\"_blank\" rel=\"noreferrer noopener nofollow\">Home Lisbon Hostel<\/a><\/strong><\/li>\n\n\n\n<li><strong>Gama media: <a href=\"https:\/\/www.booking.com\/hotel\/pt\/esqina-baixa-urban-lodge.es.html?aid=2290770&amp;no_rooms=1&amp;group_adults=2&amp;label=nomade_lisboa_mayo_post\" target=\"_blank\" rel=\"noreferrer noopener nofollow\">Esqina Urban Lodge<\/a><\/strong><\/li>\n\n\n\n<li><strong>Lujoso: <a href=\"https:\/\/www.booking.com\/hotel\/pt\/corpo-santo.es.html?aid=2290770&amp;no_rooms=1&amp;group_adults=2&amp;label=nomade_lisboa_mayo_post\" target=\"_blank\" rel=\"noreferrer noopener nofollow\">Corpo Santo Lisbon Historical Hotel<\/a><\/strong><\/li>\n<\/ul>\n\n\n\n<p>2) <strong>Bairro Alto\/Cais do Sodr\u00e9<\/strong><\/p>\n\n\n\n<p>Esta es la zona que recomiendo a j\u00f3venes, grupos de amigos y en general a personas interesadas no solo en las atracciones de la ciudad sino tambi\u00e9n en la vida nocturna:<\/p>\n\n\n\n<p><strong>Alojamientos recomendados:<\/strong><\/p>\n\n\n\n<ul class=\"wp-block-list\">\n<li><strong>Lujoso: <a href=\"https:\/\/www.booking.com\/hotel\/pt\/raw-culture-art-lofts-bairro-alto.es.html?aid=2290770&amp;no_rooms=1&amp;group_adults=2&amp;label=nomade_lisboa_mayo_post\" target=\"_blank\" rel=\"noreferrer noopener nofollow\">Raw Culture Art &amp; Lofts Bairro Alto<\/a><\/strong><\/li>\n\n\n\n<li><strong>Econ\u00f3mico: <a href=\"https:\/\/www.booking.com\/hotel\/pt\/the-independente-hostel-suites.es.html?aid=2290770&amp;no_rooms=1&amp;group_adults=2&amp;label=nomade_lisboa_mayo_post\" target=\"_blank\" rel=\"noreferrer noopener nofollow\">Independente Principe Real<\/a><\/strong><\/li>\n\n\n\n<li><strong>Gama media: <a href=\"https:\/\/www.booking.com\/hotel\/pt\/bronzes-de-arte.es.html?aid=2290770&amp;no_rooms=1&amp;group_adults=2&amp;label=nomade_lisboa_mayo_post\" target=\"_blank\" rel=\"noreferrer noopener nofollow\">Bairro Alto Bronze of Art Apartments<\/a><\/strong><\/li>\n<\/ul>\n<\/div><\/div>\n\n\n\n<h3 class=\"wp-block-heading\"><strong>Ahorra en transporte p\u00fablico y monumentos con la Lisboa Card<\/strong><\/h3>\n\n\n\n<figure class=\"wp-block-image size-large\"><img loading=\"lazy\" decoding=\"async\" width=\"1024\" height=\"768\" src=\"https:\/\/nomadeculturale.com\/wp-content\/uploads\/2024\/02\/Como-ahorrar-en-Lisboa-en-mayo-1024x768.jpg\" alt=\"Como ahorrar en Lisboa en mayo\" class=\"wp-image-5399\" srcset=\"https:\/\/nomadeculturale.com\/wp-content\/uploads\/2024\/02\/Como-ahorrar-en-Lisboa-en-mayo-1024x768.jpg 1024w, https:\/\/nomadeculturale.com\/wp-content\/uploads\/2024\/02\/Como-ahorrar-en-Lisboa-en-mayo-300x225.jpg 300w, https:\/\/nomadeculturale.com\/wp-content\/uploads\/2024\/02\/Como-ahorrar-en-Lisboa-en-mayo-768x576.jpg 768w, https:\/\/nomadeculturale.com\/wp-content\/uploads\/2024\/02\/Como-ahorrar-en-Lisboa-en-mayo-1536x1152.jpg 1536w, https:\/\/nomadeculturale.com\/wp-content\/uploads\/2024\/02\/Como-ahorrar-en-Lisboa-en-mayo.jpg 1600w\" sizes=\"auto, (max-width: 1024px) 100vw, 1024px\" \/><\/figure>\n\n\n\n<p>Las cosas que hacer en Lisboa en mayo, como puedes ver, son muchas y tienen un costo considerable.<\/p>\n\n\n\n<p>Por este motivo, he decidido incluir esta secci\u00f3n en la que <strong>te explico la mejor manera de ahorrar durante tu viaje<\/strong>.<\/p>\n\n\n\n<p>Dos gastos que pesar\u00e1n particularmente en tu presupuesto diario son los monumentos\/museos y los desplazamientos.<\/p>\n\n\n\n<p>Por ejemplo, un viaje en tranv\u00eda cuesta nada menos que 3,10\u20ac, mientras que subir al Elevador de Santa Justa (duraci\u00f3n: 3 minutos) cuesta 6\u20ac.<\/p>\n\n\n\n<p>\u00bfC\u00f3mo puedes ahorrar?<\/p>\n\n\n\n<p>Mi consejo es comprar la <a href=\"https:\/\/www.civitatis.com\/es\/lisboa\/lisboa-card\/?aid=13436&amp;cmp=nomade_lisboa_mayo_post\" target=\"_blank\" rel=\"noreferrer noopener nofollow\"><strong>Lisboa Card<\/strong><\/a>, el pase tur\u00edstico oficial de la ciudad, que te permite ahorrar de manera considerable durante tu viaje.<\/p>\n\n\n\n<p>Para darte una idea, aqu\u00ed tienes algunos de los beneficios:<\/p>\n\n\n\n<ul class=\"wp-block-list\">\n<li><strong>Entrada gratuita a 38 atracciones.<\/strong><\/li>\n\n\n\n<li><strong>Entrada con descuento<\/strong> en las atracciones restantes (del 10% al 50%).<\/li>\n\n\n\n<li><strong>Servicio de saltar la fila<\/strong> en la entrada de muchas atracciones (ahorras tiempo).<\/li>\n\n\n\n<li><strong>Uso gratuito de transporte p\u00fablico<\/strong> (incluidos los medios considerados \u201catracci\u00f3n tur\u00edstica\u201d como el Tram 28 y el Elevador de Santa Justa).<\/li>\n<\/ul>\n\n\n<style>.kadence-column4725_396ebe-39 > .kt-inside-inner-col{padding-top:var(--global-kb-spacing-xs, 1rem);padding-right:var(--global-kb-spacing-xs, 1rem);padding-bottom:var(--global-kb-spacing-xs, 1rem);padding-left:var(--global-kb-spacing-xs, 1rem);}.kadence-column4725_396ebe-39 > .kt-inside-inner-col,.kadence-column4725_396ebe-39 > .kt-inside-inner-col:before{border-top-left-radius:0px;border-top-right-radius:0px;border-bottom-right-radius:0px;border-bottom-left-radius:0px;}.kadence-column4725_396ebe-39 > .kt-inside-inner-col{column-gap:var(--global-kb-gap-sm, 1rem);}.kadence-column4725_396ebe-39 > .kt-inside-inner-col{flex-direction:column;}.kadence-column4725_396ebe-39 > .kt-inside-inner-col > .aligncenter{width:100%;}.kadence-column4725_396ebe-39 > .kt-inside-inner-col{background-color:rgba(255, 188, 64, 0.15);}.kadence-column4725_396ebe-39 > .kt-inside-inner-col:before{opacity:0.3;}.kadence-column4725_396ebe-39{position:relative;}.kadence-column4725_396ebe-39, .kt-inside-inner-col > .kadence-column4725_396ebe-39:not(.specificity){margin-top:var(--global-kb-spacing-xxs, 0.5rem);margin-bottom:var(--global-kb-spacing-xs, 1rem);}@media all and (max-width: 1024px){.kadence-column4725_396ebe-39 > .kt-inside-inner-col{flex-direction:column;justify-content:center;}}@media all and (max-width: 767px){.kadence-column4725_396ebe-39 > .kt-inside-inner-col{flex-direction:column;justify-content:center;}}<\/style>\n<div class=\"wp-block-kadence-column kadence-column4725_396ebe-39\"><div class=\"kt-inside-inner-col\">\n<p class=\"has-medium-font-size\"><strong>\u00bfC\u00f3mo conseguirla?<\/strong> La Lisboa Card se puede comprar tanto directamente en Lisboa (tendr\u00e1s que hacer una peque\u00f1a cola) como en l\u00ednea.<\/p>\n\n\n\n<p class=\"has-medium-font-size\">Personalmente, he comprado varias veces mi Lisboa Card <a href=\"https:\/\/www.civitatis.com\/es\/lisboa\/lisboa-card\/?aid=13436&amp;cmp=nomade_lisboa_mayo_post\" target=\"_blank\" rel=\"noreferrer noopener nofollow\"><strong>en l\u00ednea en este sitio<\/strong><\/a>.<\/p>\n<\/div><\/div>\n\n\n\n<h3 class=\"wp-block-heading\"><strong>Participa en un crucero por el r\u00edo Tajo<\/strong><\/h3>\n\n\n\n<figure class=\"wp-block-image size-large\"><img loading=\"lazy\" decoding=\"async\" width=\"1024\" height=\"768\" src=\"https:\/\/nomadeculturale.com\/wp-content\/uploads\/2024\/02\/Participa-en-un-crucero-por-el-rio-Tajo-en-Lisboa-en-mayo-1024x768.jpg\" alt=\"Participa en un crucero por el r\u00edo Tajo en Lisboa en mayo\" class=\"wp-image-5408\" srcset=\"https:\/\/nomadeculturale.com\/wp-content\/uploads\/2024\/02\/Participa-en-un-crucero-por-el-rio-Tajo-en-Lisboa-en-mayo-1024x768.jpg 1024w, https:\/\/nomadeculturale.com\/wp-content\/uploads\/2024\/02\/Participa-en-un-crucero-por-el-rio-Tajo-en-Lisboa-en-mayo-300x225.jpg 300w, https:\/\/nomadeculturale.com\/wp-content\/uploads\/2024\/02\/Participa-en-un-crucero-por-el-rio-Tajo-en-Lisboa-en-mayo-768x576.jpg 768w, https:\/\/nomadeculturale.com\/wp-content\/uploads\/2024\/02\/Participa-en-un-crucero-por-el-rio-Tajo-en-Lisboa-en-mayo-1536x1152.jpg 1536w, https:\/\/nomadeculturale.com\/wp-content\/uploads\/2024\/02\/Participa-en-un-crucero-por-el-rio-Tajo-en-Lisboa-en-mayo.jpg 1600w\" sizes=\"auto, (max-width: 1024px) 100vw, 1024px\" \/><\/figure>\n\n\n\n<p>\u00bfQu\u00e9 hacer en Lisboa en mayo? Otra actividad excelente, considerando el clima primaveral, es un <strong>paseo en barco por el r\u00edo Tajo<\/strong>.<\/p>\n\n\n\n<p>Hay varios tipos, desde los muy tur\u00edsticos en barcos con decenas de turistas, hasta los m\u00e1s \u00edntimos que se realizan en yates o barcas a vela.<\/p>\n\n\n\n<p>El crucero que te recomiendo, en el que mi esposa y yo hemos estado, <a href=\"https:\/\/www.getyourguide.es\/lisboa-l42\/lisboa-visita-diurnaatardecernoche-de-la-ciudad-en-velero-con-bebida-t393433\/?partner_id=KC753P7&amp;utm_medium=online_publisher&amp;cmp=nomade_lisboa_mayo_post\" target=\"_blank\" rel=\"noreferrer noopener nofollow\"><strong>es este<\/strong><\/a>.<\/p>\n\n\n\n<p>Se realiza en una embarcaci\u00f3n a vela, en grupos peque\u00f1os (m\u00e1ximo 10 personas). Nosotros elegimos el paseo al atardecer, que es particularmente sugerente y rom\u00e1ntico. Incluso nos dieron un c\u00f3ctel de bienvenida (cerveza, vino o refresco).<\/p>\n\n\n\n<p>El crucero debe reservarse <a href=\"https:\/\/www.getyourguide.es\/lisboa-l42\/lisboa-visita-diurnaatardecernoche-de-la-ciudad-en-velero-con-bebida-t393433\/?partner_id=KC753P7&amp;utm_medium=online_publisher&amp;cmp=nomade_lisboa_mayo_post\" target=\"_blank\" rel=\"noreferrer noopener nofollow\"><strong>en l\u00ednea en este sitio<\/strong><\/a>.<\/p>\n\n\n<style>.kadence-column4725_55daaf-16 > .kt-inside-inner-col{padding-top:var(--global-kb-spacing-xs, 1rem);padding-right:var(--global-kb-spacing-xs, 1rem);padding-bottom:var(--global-kb-spacing-xs, 1rem);padding-left:var(--global-kb-spacing-xs, 1rem);}.kadence-column4725_55daaf-16 > .kt-inside-inner-col,.kadence-column4725_55daaf-16 > .kt-inside-inner-col:before{border-top-left-radius:0px;border-top-right-radius:0px;border-bottom-right-radius:0px;border-bottom-left-radius:0px;}.kadence-column4725_55daaf-16 > .kt-inside-inner-col{column-gap:var(--global-kb-gap-sm, 1rem);}.kadence-column4725_55daaf-16 > .kt-inside-inner-col{flex-direction:column;}.kadence-column4725_55daaf-16 > .kt-inside-inner-col > .aligncenter{width:100%;}.kadence-column4725_55daaf-16 > .kt-inside-inner-col{background-color:rgba(255, 188, 64, 0.15);}.kadence-column4725_55daaf-16 > .kt-inside-inner-col:before{opacity:0.3;}.kadence-column4725_55daaf-16{position:relative;}.kadence-column4725_55daaf-16, .kt-inside-inner-col > .kadence-column4725_55daaf-16:not(.specificity){margin-top:var(--global-kb-spacing-xxs, 0.5rem);margin-bottom:var(--global-kb-spacing-xs, 1rem);}@media all and (max-width: 1024px){.kadence-column4725_55daaf-16 > .kt-inside-inner-col{flex-direction:column;justify-content:center;}}@media all and (max-width: 767px){.kadence-column4725_55daaf-16 > .kt-inside-inner-col{flex-direction:column;justify-content:center;}}<\/style>\n<div class=\"wp-block-kadence-column kadence-column4725_55daaf-16\"><div class=\"kt-inside-inner-col\">\n<p class=\"has-medium-font-size\">\u00bfQuieres ver <strong>estas y otras atracciones en un itinerario<\/strong> d\u00eda por d\u00eda con mapa y muchos consejos? \u00bfS\u00ed? Aqu\u00ed tienes mis gu\u00edas:<\/p>\n\n\n\n<ul class=\"wp-block-list\">\n<li><strong><a href=\"https:\/\/nomadeculturale.com\/es\/que-ver-en-lisboa-en-2-dias\/\" data-type=\"post\" data-id=\"4656\">Qu\u00e9 ver en Lisboa en 2 d\u00edas (o un fin de semana)<\/a><\/strong><\/li>\n\n\n\n<li><strong><a href=\"https:\/\/nomadeculturale.com\/es\/lisboa-en-3-dias-ruta-y-mapa\/\" data-type=\"post\" data-id=\"4668\">Qu\u00e9 ver en Lisboa en 3 d\u00edas<\/a><\/strong><\/li>\n\n\n\n<li><strong><a href=\"https:\/\/nomadeculturale.com\/es\/que-ver-en-lisboa-en-4-dias\/\" data-type=\"post\" data-id=\"4677\">Qu\u00e9 ver en Lisboa en 4 d\u00edas<\/a><\/strong><\/li>\n<\/ul>\n<\/div><\/div>\n\n\n\n<h3 class=\"wp-block-heading\"><strong>Experiencia una noche m\u00e1gica de fado<\/strong><\/h3>\n\n\n\n<figure class=\"wp-block-image size-large\"><img loading=\"lazy\" decoding=\"async\" width=\"1024\" height=\"768\" src=\"https:\/\/nomadeculturale.com\/wp-content\/uploads\/2024\/02\/Noche-de-fado-en-Lisboa-en-_Fado-in-Chiado-1024x768.jpg\" alt=\"Noche de fado en Lisboa en _Fado in Chiado\" class=\"wp-image-5405\" srcset=\"https:\/\/nomadeculturale.com\/wp-content\/uploads\/2024\/02\/Noche-de-fado-en-Lisboa-en-_Fado-in-Chiado-1024x768.jpg 1024w, https:\/\/nomadeculturale.com\/wp-content\/uploads\/2024\/02\/Noche-de-fado-en-Lisboa-en-_Fado-in-Chiado-300x225.jpg 300w, https:\/\/nomadeculturale.com\/wp-content\/uploads\/2024\/02\/Noche-de-fado-en-Lisboa-en-_Fado-in-Chiado-768x576.jpg 768w, https:\/\/nomadeculturale.com\/wp-content\/uploads\/2024\/02\/Noche-de-fado-en-Lisboa-en-_Fado-in-Chiado-1536x1152.jpg 1536w, https:\/\/nomadeculturale.com\/wp-content\/uploads\/2024\/02\/Noche-de-fado-en-Lisboa-en-_Fado-in-Chiado.jpg 1600w\" sizes=\"auto, (max-width: 1024px) 100vw, 1024px\" \/><\/figure>\n\n\n\n<p>El Fado es un g\u00e9nero musical que captura la esencia profunda y nost\u00e1lgica de la cultura portuguesa.<\/p>\n\n\n\n<p>Esta expresi\u00f3n musical, reconocida incluso por la UNESCO como Patrimonio Inmaterial de la Humanidad, tiene sus ra\u00edces en las calles tortuosas y barrios hist\u00f3ricos de Lisboa, como la Mouraria, la <a href=\"https:\/\/nomadeculturale.com\/es\/barrio-alfama-lisboa-que-ver\/\" target=\"_blank\" rel=\"noreferrer noopener\">Alfama<\/a> y el Bairro Alto, donde todav\u00eda hoy resuenan las melod\u00edas cargadas de \u201csaudade\u201d.<\/p>\n\n\n\n<p>No puedes visitar Lisboa sin haber participado en al menos un espect\u00e1culo de fado.<\/p>\n\n\n\n<p>\u00bfD\u00f3nde hacerlo en mayo?<\/p>\n\n\n\n<p>Las opciones son fundamentalmente tres:<\/p>\n\n\n\n<ul class=\"wp-block-list\">\n<li><strong>Tasca<\/strong>: se trata de tabernas, restaurantes con comida sencilla, donde es posible asistir a un espect\u00e1culo de fado vadio (con artistas emergentes).<\/li>\n\n\n\n<li><strong>Casa del fado<\/strong>: restaurantes renombrados e hist\u00f3ricos donde es posible comer y asistir a un espect\u00e1culo con excelentes artistas. El \u00fanico inconveniente es que la mayor\u00eda de las casas del fado se han convertido en trampas para turistas.<\/li>\n\n\n\n<li><strong>Espect\u00e1culo en una sala de conciertos\/teatro<\/strong>: finalmente, si quieres asistir a un espect\u00e1culo intenso y sin distracciones, te recomiendo absolutamente un espect\u00e1culo profesional en un teatro.<\/li>\n<\/ul>\n\n\n\n<p>He estado varias veces en <a href=\"https:\/\/www.civitatis.com\/es\/lisboa\/espectaculo-fado-chiado\/?aid=13436&amp;cmp=nomade_lisboa_mayo_post\" target=\"_blank\" rel=\"noreferrer noopener nofollow\"><strong>Fado in Chiado<\/strong><\/a>. Un espect\u00e1culo de unos 60 minutos, que se celebra en un teatro en el <a href=\"https:\/\/nomadeculturale.com\/es\/barrio-chiado-lisboa-que-ver\/\" target=\"_blank\" data-type=\"post\" data-id=\"4788\" rel=\"noreferrer noopener\">barrio El Chiado<\/a>. El espect\u00e1culo es muy intenso y envolvente y suele estar a cargo de 3 o 4 artistas profesionales.<\/p>\n\n\n\n<p>Si lo deseas, puedes reservar Fado in Chiado <a href=\"https:\/\/www.civitatis.com\/es\/lisboa\/espectaculo-fado-chiado\/?aid=13436&amp;cmp=nomade_lisboa_mayo_post\" target=\"_blank\" rel=\"noreferrer noopener nofollow\"><strong>directamente en l\u00ednea en este sitio<\/strong><\/a>.<\/p>\n\n\n\n<h3 class=\"wp-block-heading\"><strong>\u00danete a un tour gratuito por el centro de Lisboa<\/strong><\/h3>\n\n\n\n<p>Entre las cosas que hacer en Lisboa en mayo, no podemos dejar de recomendarte los interesant\u00edsimos <a href=\"https:\/\/www.civitatis.com\/es\/lisboa\/free-tour-lisboa\/?aid=13436&amp;cmp=nomade_lisboa_mayo_post\" target=\"_blank\" rel=\"noreferrer noopener nofollow\"><strong>free tours en los que puedes participar<\/strong><\/a>.<\/p>\n\n\n<style>.kadence-column4725_ca6789-d1 > .kt-inside-inner-col{padding-top:var(--global-kb-spacing-xs, 1rem);padding-right:var(--global-kb-spacing-xs, 1rem);padding-bottom:var(--global-kb-spacing-xs, 1rem);padding-left:var(--global-kb-spacing-xs, 1rem);}.kadence-column4725_ca6789-d1 > .kt-inside-inner-col,.kadence-column4725_ca6789-d1 > .kt-inside-inner-col:before{border-top-left-radius:0px;border-top-right-radius:0px;border-bottom-right-radius:0px;border-bottom-left-radius:0px;}.kadence-column4725_ca6789-d1 > .kt-inside-inner-col{column-gap:var(--global-kb-gap-sm, 1rem);}.kadence-column4725_ca6789-d1 > .kt-inside-inner-col{flex-direction:column;}.kadence-column4725_ca6789-d1 > .kt-inside-inner-col > .aligncenter{width:100%;}.kadence-column4725_ca6789-d1 > .kt-inside-inner-col{background-color:rgba(255, 188, 64, 0.15);}.kadence-column4725_ca6789-d1 > .kt-inside-inner-col:before{opacity:0.3;}.kadence-column4725_ca6789-d1{position:relative;}.kadence-column4725_ca6789-d1, .kt-inside-inner-col > .kadence-column4725_ca6789-d1:not(.specificity){margin-top:var(--global-kb-spacing-xxs, 0.5rem);margin-bottom:var(--global-kb-spacing-xs, 1rem);}@media all and (max-width: 1024px){.kadence-column4725_ca6789-d1 > .kt-inside-inner-col{flex-direction:column;justify-content:center;}}@media all and (max-width: 767px){.kadence-column4725_ca6789-d1 > .kt-inside-inner-col{flex-direction:column;justify-content:center;}}<\/style>\n<div class=\"wp-block-kadence-column kadence-column4725_ca6789-d1\"><div class=\"kt-inside-inner-col\">\n<p class=\"has-medium-font-size\"><em><strong>\u00bfQu\u00e9 es un free tour?<\/strong> Muy sencillo, se trata de una visita guiada que se puede reservar GRATIS, generalmente con una duraci\u00f3n de 2 a 3 horas y que se realiza a pie. Luego, al final del tour, si ha sido de tu agrado, puedes dejar una propina.<\/em><\/p>\n\n\n\n<p><em>\u00bfCu\u00e1nto? La elecci\u00f3n es tuya (puedes dejar incluso 5\u20ac).<\/em><\/p>\n<\/div><\/div>\n\n\n\n<p>Se trata de <strong>una forma econ\u00f3mica<\/strong> de conocer historias, secretos y an\u00e9cdotas sobre esta maravillosa capital europea.<\/p>\n\n\n\n<p>De hecho, aunque el tour sea a voluntad, se trata de verdaderas visitas guiadas, con gu\u00edas muy bien preparados y h\u00e1biles para mantener la atenci\u00f3n.<\/p>\n\n\n\n<p>Uno de los mejores free tours para empezar con buen pie y empaparte de la historia y los or\u00edgenes de la ciudad es este que recorre algunos de los <a href=\"https:\/\/nomadeculturale.com\/es\/barrios-de-lisboa-para-visitar\/\" target=\"_blank\" data-type=\"post\" data-id=\"4833\" rel=\"noreferrer noopener\">barrios m\u00e1s emblem\u00e1ticos<\/a> del centro.<\/p>\n\n\n\n<p>\u00bfC\u00f3mo reservar? El tour debe reservarse (gratis) en la <a href=\"https:\/\/www.civitatis.com\/es\/lisboa\/free-tour-lisboa\/?aid=13436&amp;cmp=nomade_lisboa_mayo_post\" target=\"_blank\" rel=\"noreferrer noopener nofollow\"><strong>p\u00e1gina web oficial del tour<\/strong><\/a>.<\/p>\n\n\n\n<h3 class=\"wp-block-heading\"><strong>Visita el barrio de Alfama con este free tour<\/strong><\/h3>\n\n\n\n<figure class=\"wp-block-image size-large\"><img loading=\"lazy\" decoding=\"async\" width=\"1024\" height=\"768\" src=\"https:\/\/nomadeculturale.com\/wp-content\/uploads\/2024\/02\/Visitar-Alfama-en-Lisboa-en-mayo-1024x768.jpg\" alt=\"Visitar Alfama en Lisboa en mayo\" class=\"wp-image-5417\" srcset=\"https:\/\/nomadeculturale.com\/wp-content\/uploads\/2024\/02\/Visitar-Alfama-en-Lisboa-en-mayo-1024x768.jpg 1024w, https:\/\/nomadeculturale.com\/wp-content\/uploads\/2024\/02\/Visitar-Alfama-en-Lisboa-en-mayo-300x225.jpg 300w, https:\/\/nomadeculturale.com\/wp-content\/uploads\/2024\/02\/Visitar-Alfama-en-Lisboa-en-mayo-768x576.jpg 768w, https:\/\/nomadeculturale.com\/wp-content\/uploads\/2024\/02\/Visitar-Alfama-en-Lisboa-en-mayo-1536x1152.jpg 1536w, https:\/\/nomadeculturale.com\/wp-content\/uploads\/2024\/02\/Visitar-Alfama-en-Lisboa-en-mayo.jpg 1600w\" sizes=\"auto, (max-width: 1024px) 100vw, 1024px\" \/><\/figure>\n\n\n\n<p>Alfama, el <strong>barrio m\u00e1s antiguo de Lisboa<\/strong>, es sin duda una de las zonas que no puedes perderte durante un viaje en mayo.<\/p>\n\n\n\n<p>Famoso por ser el <strong>barrio del fado<\/strong>, esta zona ha logrado conservar a lo largo de los siglos su autenticidad y sus atracciones m\u00e1s importantes, que han logrado sobrevivir ilesas al terrible se\u00edsmo de 1755.<\/p>\n\n\n\n<p>Otro motivo para visitar el barrio son sus <strong>sugerentes terrazas panor\u00e1micas<\/strong>. Dos en particular son las que m\u00e1s me han gustado. El rom\u00e1ntico Miradouro de Santa Luzia, y el encantador Miradouro das Portas do Sol.<\/p>\n\n\n\n<p>Otras atracciones incluyen el antiqu\u00edsimo <strong>Castillo de S\u00e3o Jorge<\/strong>, construido durante el dominio de los \u00e1rabes, y la emblem\u00e1tica Catedral de Lisboa.<\/p>\n\n\n<style>.kadence-column4725_2c1779-83 > .kt-inside-inner-col{padding-top:var(--global-kb-spacing-xs, 1rem);padding-right:var(--global-kb-spacing-xs, 1rem);padding-bottom:var(--global-kb-spacing-xs, 1rem);padding-left:var(--global-kb-spacing-xs, 1rem);}.kadence-column4725_2c1779-83 > .kt-inside-inner-col,.kadence-column4725_2c1779-83 > .kt-inside-inner-col:before{border-top-left-radius:0px;border-top-right-radius:0px;border-bottom-right-radius:0px;border-bottom-left-radius:0px;}.kadence-column4725_2c1779-83 > .kt-inside-inner-col{column-gap:var(--global-kb-gap-sm, 1rem);}.kadence-column4725_2c1779-83 > .kt-inside-inner-col{flex-direction:column;}.kadence-column4725_2c1779-83 > .kt-inside-inner-col > .aligncenter{width:100%;}.kadence-column4725_2c1779-83 > .kt-inside-inner-col{background-color:rgba(255, 188, 64, 0.15);}.kadence-column4725_2c1779-83 > .kt-inside-inner-col:before{opacity:0.3;}.kadence-column4725_2c1779-83{position:relative;}.kadence-column4725_2c1779-83, .kt-inside-inner-col > .kadence-column4725_2c1779-83:not(.specificity){margin-top:var(--global-kb-spacing-xxs, 0.5rem);margin-bottom:var(--global-kb-spacing-xs, 1rem);}@media all and (max-width: 1024px){.kadence-column4725_2c1779-83 > .kt-inside-inner-col{flex-direction:column;justify-content:center;}}@media all and (max-width: 767px){.kadence-column4725_2c1779-83 > .kt-inside-inner-col{flex-direction:column;justify-content:center;}}<\/style>\n<div class=\"wp-block-kadence-column kadence-column4725_2c1779-83\"><div class=\"kt-inside-inner-col\">\n<p class=\"has-medium-font-size\"><em><strong>Consejo del N\u00f3mada<\/strong>: <\/em>una de las mejores maneras de conocer a fondo esta zona es <a href=\"https:\/\/www.civitatis.com\/es\/lisboa\/free-tour-barrio-alfama\/?aid=13436&amp;cmp=nomade_lisboa_mayo_post\" target=\"_blank\" rel=\"noreferrer noopener nofollow\"><strong>participar en un free tour dedicado<\/strong><\/a>.<\/p>\n\n\n\n<p>\u00bfY adivina qu\u00e9? \u00a1He probado uno perfecto!<\/p>\n\n\n\n<p><a href=\"https:\/\/www.civitatis.com\/es\/lisboa\/free-tour-barrio-alfama\/?aid=13436&amp;cmp=nomade_lisboa_mayo_post\" target=\"_blank\" rel=\"noreferrer noopener nofollow\"><strong>Este free tour<\/strong><\/a> con una duraci\u00f3n de aproximadamente 2 horas y 30 minutos, se realiza en espa\u00f1ol, y te llevar\u00e1 a descubrir muchos lugares famosos y otras gemas ocultas. Todo ello aderezado con curiosidades y an\u00e9cdotas interesantes sobre el barrio.<\/p>\n\n\n\n<p>En nuestro caso, participamos en el tour con Martina, que fue muy simp\u00e1tica e involucr\u00f3 a todos durante todo el free tour.<\/p>\n\n\n\n<p class=\"has-medium-font-size\"><strong>\u00bfC\u00f3mo reservar? <\/strong>Tambi\u00e9n en este caso puedes hacer todo c\u00f3modamente en l\u00ednea, yendo directamente <a href=\"https:\/\/www.civitatis.com\/es\/lisboa\/free-tour-barrio-alfama\/?aid=13436&amp;cmp=nomade_lisboa_mayo_post\" target=\"_blank\" rel=\"noreferrer noopener nofollow\"><strong>a la p\u00e1gina web del tour operador<\/strong><\/a>.<\/p>\n<\/div><\/div>\n\n\n\n<h3 class=\"wp-block-heading\"><strong>Pasa el 1 de mayo en Lisboa<\/strong><\/h3>\n\n\n\n<p>Si visitas la capital portuguesa a principios de mes podr\u00e1s participar en las celebraciones y desfiles t\u00edpicos de la fiesta de los trabajadores, que obviamente tambi\u00e9n se celebra en Portugal.<\/p>\n\n\n\n<p>Esto es lo que puedes hacer el 1 de mayo en Lisboa:<\/p>\n\n\n\n<ol class=\"wp-block-list\">\n<li><strong>Conciertos y Manifestaciones<\/strong>: Tradicionalmente, hay conciertos organizados en las grandes plazas y parques de la ciudad, como el Parque Eduardo VII o la Alameda Dom Afonso Henriques.<\/li>\n\n\n\n<li><strong>Picnics y Barbacoas en los Parques<\/strong>: El Primero de Mayo es tambi\u00e9n una excelente oportunidad para disfrutar del tiempo al aire libre. Muchos lisboetas aprovechan esta fiesta para organizar picnics o barbacoas en los numerosos parques y jardines de la ciudad, como el Jardim da Estrela o el Parque das Na\u00e7\u00f5es.<\/li>\n\n\n\n<li><strong>El acuario<\/strong>: si est\u00e1s en Lisboa con ni\u00f1os, te recomiendo absolutamente visitar el Oceanario de Lisboa, el acuario m\u00e1s grande de Portugal y el segundo de la pen\u00ednsula ib\u00e9rica.<\/li>\n<\/ol>\n\n\n<style>.kadence-column4725_eae170-50 > .kt-inside-inner-col{padding-top:var(--global-kb-spacing-xs, 1rem);padding-right:var(--global-kb-spacing-xs, 1rem);padding-bottom:var(--global-kb-spacing-xs, 1rem);padding-left:var(--global-kb-spacing-xs, 1rem);}.kadence-column4725_eae170-50 > .kt-inside-inner-col,.kadence-column4725_eae170-50 > .kt-inside-inner-col:before{border-top-left-radius:0px;border-top-right-radius:0px;border-bottom-right-radius:0px;border-bottom-left-radius:0px;}.kadence-column4725_eae170-50 > .kt-inside-inner-col{column-gap:var(--global-kb-gap-sm, 1rem);}.kadence-column4725_eae170-50 > .kt-inside-inner-col{flex-direction:column;}.kadence-column4725_eae170-50 > .kt-inside-inner-col > .aligncenter{width:100%;}.kadence-column4725_eae170-50 > .kt-inside-inner-col{background-color:rgba(255, 188, 64, 0.15);}.kadence-column4725_eae170-50 > .kt-inside-inner-col:before{opacity:0.3;}.kadence-column4725_eae170-50{position:relative;}.kadence-column4725_eae170-50, .kt-inside-inner-col > .kadence-column4725_eae170-50:not(.specificity){margin-top:var(--global-kb-spacing-xxs, 0.5rem);margin-bottom:var(--global-kb-spacing-xs, 1rem);}@media all and (max-width: 1024px){.kadence-column4725_eae170-50 > .kt-inside-inner-col{flex-direction:column;justify-content:center;}}@media all and (max-width: 767px){.kadence-column4725_eae170-50 > .kt-inside-inner-col{flex-direction:column;justify-content:center;}}<\/style>\n<div class=\"wp-block-kadence-column kadence-column4725_eae170-50\"><div class=\"kt-inside-inner-col\">\n<p class=\"has-medium-font-size\"><strong>Consejo del N\u00f3mada<\/strong>: ten cuidado al planificar visitas a los diversos museos porque desafortunadamente est\u00e1n cerrados (en su mayor\u00eda) durante el primero de mayo.<\/p>\n<\/div><\/div>\n\n\n\n<h3 class=\"wp-block-heading\"><strong>Explora los fascinantes alrededores de Lisboa<\/strong><\/h3>\n\n\n\n<figure class=\"wp-block-image size-large\"><img loading=\"lazy\" decoding=\"async\" width=\"1024\" height=\"768\" src=\"https:\/\/nomadeculturale.com\/wp-content\/uploads\/2024\/02\/Sintra-en-Lisboa-en-mayo-1024x768.jpg\" alt=\"Sintra en Lisboa en mayo\" class=\"wp-image-5411\" srcset=\"https:\/\/nomadeculturale.com\/wp-content\/uploads\/2024\/02\/Sintra-en-Lisboa-en-mayo-1024x768.jpg 1024w, https:\/\/nomadeculturale.com\/wp-content\/uploads\/2024\/02\/Sintra-en-Lisboa-en-mayo-300x225.jpg 300w, https:\/\/nomadeculturale.com\/wp-content\/uploads\/2024\/02\/Sintra-en-Lisboa-en-mayo-768x576.jpg 768w, https:\/\/nomadeculturale.com\/wp-content\/uploads\/2024\/02\/Sintra-en-Lisboa-en-mayo-1536x1152.jpg 1536w, https:\/\/nomadeculturale.com\/wp-content\/uploads\/2024\/02\/Sintra-en-Lisboa-en-mayo.jpg 1600w\" sizes=\"auto, (max-width: 1024px) 100vw, 1024px\" \/><\/figure>\n\n\n\n<p>Los alrededores de Lisboa ofrecen una diversidad incre\u00edble de paisajes y experiencias para todos los gustos.<\/p>\n\n\n\n<p>Desde exuberantes colinas verdes hasta playas doradas, pasando por peque\u00f1os y encantadores pueblos y acantilados majestuosos con olas de hasta 30 metros de altura (Nazar\u00e9).<\/p>\n\n\n\n<p>El primer destino que te recomiendo absolutamente es sin duda <strong>Sintra<\/strong>. Piensa que toda la ciudad ha sido incluida entre los patrimonios de la UNESCO.<\/p>\n\n\n\n<p>Podr\u00e1s visitar, por ejemplo, el colorido <strong>Pal\u00e1cio da Pena<\/strong>, que se alza en la cima de una colina como una visi\u00f3n ecl\u00e9ctica de torres de colores pastel, o la misteriosa <strong>Quinta da Regaleira<\/strong> con sus jardines encantados, pasadizos secretos y el famoso Pozo Inici\u00e1tico que simboliza el viaje del hombre hacia la iluminaci\u00f3n.<\/p>\n\n\n\n<p>Continuando hacia la costa, encontrar\u00e1s <strong>Cascais<\/strong>, un antiguo pueblo de pescadores transformado en un <strong>refinado y lujoso balneario<\/strong>. Podr\u00e1s pasear por su bonito paseo mar\u00edtimo, visitar sus elegantes boutiques y saborear un excelente pescado con vistas a su sugerente bah\u00eda.<\/p>\n\n\n\n<p>M\u00e1s al oeste, encontramos el punto m\u00e1s occidental de la Europa continental, se trata de <strong>Cabo da Roca<\/strong>. Su lengua de tierra se extiende hacia el azul profundo del Oc\u00e9ano Atl\u00e1ntico, con impresionantes acantilados y una vista infinita que encanta y ofrece escenarios impresionantes, especialmente al atardecer.<\/p>\n\n\n\n<p>Estos son solo algunos de los hermosos lugares situados a pocos pasos de Lisboa.<\/p>\n\n\n<style>.kadence-column4725_d32e6a-60 > .kt-inside-inner-col{padding-top:var(--global-kb-spacing-xs, 1rem);padding-right:var(--global-kb-spacing-xs, 1rem);padding-bottom:var(--global-kb-spacing-xs, 1rem);padding-left:var(--global-kb-spacing-xs, 1rem);}.kadence-column4725_d32e6a-60 > .kt-inside-inner-col,.kadence-column4725_d32e6a-60 > .kt-inside-inner-col:before{border-top-left-radius:0px;border-top-right-radius:0px;border-bottom-right-radius:0px;border-bottom-left-radius:0px;}.kadence-column4725_d32e6a-60 > .kt-inside-inner-col{column-gap:var(--global-kb-gap-sm, 1rem);}.kadence-column4725_d32e6a-60 > .kt-inside-inner-col{flex-direction:column;}.kadence-column4725_d32e6a-60 > .kt-inside-inner-col > .aligncenter{width:100%;}.kadence-column4725_d32e6a-60 > .kt-inside-inner-col{background-color:rgba(255, 188, 64, 0.15);}.kadence-column4725_d32e6a-60 > .kt-inside-inner-col:before{opacity:0.3;}.kadence-column4725_d32e6a-60{position:relative;}.kadence-column4725_d32e6a-60, .kt-inside-inner-col > .kadence-column4725_d32e6a-60:not(.specificity){margin-top:var(--global-kb-spacing-xxs, 0.5rem);margin-bottom:var(--global-kb-spacing-xs, 1rem);}@media all and (max-width: 1024px){.kadence-column4725_d32e6a-60 > .kt-inside-inner-col{flex-direction:column;justify-content:center;}}@media all and (max-width: 767px){.kadence-column4725_d32e6a-60 > .kt-inside-inner-col{flex-direction:column;justify-content:center;}}<\/style>\n<div class=\"wp-block-kadence-column kadence-column4725_d32e6a-60\"><div class=\"kt-inside-inner-col\">\n<p class=\"has-medium-font-size\"><em><strong>Consejo del N\u00f3mada<\/strong>:<\/em> si tienes poco tiempo, pero quieres visitar igualmente todos estos lugares, te recomiendo participar en <a href=\"https:\/\/www.getyourguide.es\/lisboa-l42\/palacio-da-pena-sintra-cabo-da-roca-y-cascais-excursion-t387617\/?partner_id=KC753P7&amp;utm_medium=online_publisher&amp;cmp=nomade_lisboa_mayo_post\" target=\"_blank\" rel=\"noreferrer noopener nofollow\"><strong>una excursi\u00f3n de un d\u00eda desde Lisboa<\/strong><\/a>.<\/p>\n\n\n\n<p>La excursi\u00f3n que hice incluy\u00f3 el transporte de ida y vuelta, la entrada a algunas atracciones, la visita a Cascais, Sintra y Cabo da Roca.<\/p>\n\n\n\n<p class=\"has-medium-font-size\"><strong>\u00bfC\u00f3mo reservar?<\/strong> Puedes hacerlo <a href=\"https:\/\/www.getyourguide.es\/lisboa-l42\/palacio-da-pena-sintra-cabo-da-roca-y-cascais-excursion-t387617\/?partner_id=KC753P7&amp;utm_medium=online_publisher&amp;cmp=nomade_lisboa_mayo_post\" target=\"_blank\" rel=\"noreferrer noopener nofollow\"><strong>c\u00f3modamente en l\u00ednea en este sitio<\/strong><\/a>.<\/p>\n<\/div><\/div>\n\n\n\n<h3 class=\"wp-block-heading\"><strong>Visita el Ocean\u00e1rio de Lisboa y el Parque de las Naciones<\/strong><\/h3>\n\n\n\n<figure class=\"wp-block-image size-large\"><img loading=\"lazy\" decoding=\"async\" width=\"1024\" height=\"768\" src=\"https:\/\/nomadeculturale.com\/wp-content\/uploads\/2024\/02\/Alex-Bulla-en-Parque-das-Nacoes-en-Lisboa-en-mayo-1024x768.jpg\" alt=\"Alex Bulla en Parque das Nacoes en Lisboa en mayo\" class=\"wp-image-5393\" srcset=\"https:\/\/nomadeculturale.com\/wp-content\/uploads\/2024\/02\/Alex-Bulla-en-Parque-das-Nacoes-en-Lisboa-en-mayo-1024x768.jpg 1024w, https:\/\/nomadeculturale.com\/wp-content\/uploads\/2024\/02\/Alex-Bulla-en-Parque-das-Nacoes-en-Lisboa-en-mayo-300x225.jpg 300w, https:\/\/nomadeculturale.com\/wp-content\/uploads\/2024\/02\/Alex-Bulla-en-Parque-das-Nacoes-en-Lisboa-en-mayo-768x576.jpg 768w, https:\/\/nomadeculturale.com\/wp-content\/uploads\/2024\/02\/Alex-Bulla-en-Parque-das-Nacoes-en-Lisboa-en-mayo-1536x1152.jpg 1536w, https:\/\/nomadeculturale.com\/wp-content\/uploads\/2024\/02\/Alex-Bulla-en-Parque-das-Nacoes-en-Lisboa-en-mayo.jpg 1600w\" sizes=\"auto, (max-width: 1024px) 100vw, 1024px\" \/><\/figure>\n\n\n\n<p>El Parque de las Naciones (Parque das Na\u00e7\u00f5es) es el barrio m\u00e1s moderno de Lisboa. Todo el barrio naci\u00f3 con motivo de la Expo &#8217;98, antes era una zona portuaria e industrial ya en ruinas.<\/p>\n\n\n\n<p>El barrio alberga varias atracciones interesantes, pero la m\u00e1s importante es sin duda el <a href=\"https:\/\/www.civitatis.com\/es\/lisboa\/entrada-oceanario-lisboa\/?aid=13436&amp;cmp=nomade_lisboa_mayo_post\" target=\"_blank\" rel=\"noreferrer noopener nofollow\"><strong>Ocean\u00e1rio de Lisboa<\/strong><\/a>, considerado uno de los acuarios m\u00e1s bonitos del mundo.<\/p>\n\n\n\n<p>El Ocean\u00e1rio alberga 5 h\u00e1bitats marinos que reproducen los ecosistemas de los Oc\u00e9anos Atl\u00e1ntico, Pac\u00edfico, \u00cdndico y Ant\u00e1rtico, y te permitir\u00e1n admirar de cerca cientos de especies marinas.<\/p>\n\n\n\n<p>Si visitas la ciudad con ni\u00f1os, te recomiendo absolutamente este acuario. La visita, por supuesto, tambi\u00e9n se recomienda solo para adultos.<\/p>\n\n\n\n<p>Durante mi \u00faltima visita hab\u00eda una espectacular exposici\u00f3n temporal llamada \u00ab<strong>Forests Underwater<\/strong>\u00bb creada por el artista Takashi Amano. La exposici\u00f3n reproduce (con plantas y ambientaciones reales) los bosques tropicales, que est\u00e1n gravemente amenazados por la acci\u00f3n del hombre.<\/p>\n\n\n\n<p>La exposici\u00f3n reproduce incluso los verdaderos olores y sonidos de un bosque de este tipo, haci\u00e9ndonos comprender su importancia y sensibilizando al p\u00fablico sobre temas como el cambio clim\u00e1tico y nuestro impacto en el medio ambiente.<\/p>\n\n\n\n<p>Aqu\u00ed tienes toda la informaci\u00f3n \u00fatil para visitar el acuario:<\/p>\n\n\n\n<ul class=\"wp-block-list\">\n<li>\ud83c\udf9f\ufe0f <strong>Entradas<\/strong>: 25\u20ac adultos \/ 15\u20ac de 3 a 12 a\u00f1os \/ 17\u20ac mayores de 64 \/ gratis 0-2 a\u00f1os. <a href=\"https:\/\/www.civitatis.com\/es\/lisboa\/entrada-oceanario-lisboa\/?aid=13436&amp;cmp=nomade_lisboa_mayo_post\" target=\"_blank\" rel=\"noreferrer noopener nofollow\">*Aqu\u00ed encuentras las entradas<\/a>.<\/li>\n\n\n\n<li>\ud83d\udd52 <strong>Horarios<\/strong>: todos los d\u00edas, 10:00-19:00.<\/li>\n\n\n\n<li>\ud83d\udccd<strong>Ubicaci\u00f3n<\/strong>: Esplanada Dom Carlos I s\/n\u00ba. <a href=\"https:\/\/maps.app.goo.gl\/sAUBiavkxUY79RLN8\" target=\"_blank\" rel=\"noreferrer noopener\">Maps<\/a><\/li>\n<\/ul>\n\n\n\n<h3 class=\"wp-block-heading\"><strong>Participa en el Out Jazz Festival<\/strong><\/h3>\n\n\n\n<p>El encanto y el ritmo invaden los parques de Lisboa con el inicio del <em>Out Jazz Festival<\/em>, uno de los eventos m\u00e1s interesantes de la primavera-verano lisboeta.<\/p>\n\n\n\n<p>\u00bfDe qu\u00e9 se trata? De un festival musical, dedicado al jazz, funk, soul y hip hop, que va de mayo a septiembre.<\/p>\n\n\n\n<p>El festival se celebra todos los domingos (y algunos viernes y s\u00e1bados) en el municipio de Oeiras, situado a pocos pasos de Bel\u00e9m.<\/p>\n\n\n\n<p>Las ubicaciones exactas cambian, pero generalmente son el <strong>Parque das Poetas<\/strong>, <strong>Parque Urbano de Jamor<\/strong>, <strong>Parque Urbano de Miraflores<\/strong>, <strong>Jardim da Quinta Real de Caxias<\/strong> y <strong>Jardins do Pal\u00e1cio Marqu\u00eas de Pombal<\/strong>.<\/p>\n\n\n\n<p><strong>\u00bfC\u00f3mo participar?<\/strong> El evento suele ser de entrada gratuita.<\/p>\n\n\n\n<p>De todos modos, encontrar\u00e1s m\u00e1s informaci\u00f3n en la p\u00e1gina <a href=\"https:\/\/outjazz.pt\/\" target=\"_blank\" rel=\"noreferrer noopener\">web oficial<\/a>.<\/p>\n\n\n\n<h3 class=\"wp-block-heading\"><strong>Admira el Convento do Carmo bajo las estrellas<\/strong><\/h3>\n\n\n\n<figure class=\"wp-block-image size-large\"><img loading=\"lazy\" decoding=\"async\" width=\"1024\" height=\"768\" src=\"https:\/\/nomadeculturale.com\/wp-content\/uploads\/2024\/02\/Convento-do-Carmo-Lisboa-1024x768.jpg\" alt=\"Convento do Carmo, Lisboa\" class=\"wp-image-5402\" srcset=\"https:\/\/nomadeculturale.com\/wp-content\/uploads\/2024\/02\/Convento-do-Carmo-Lisboa-1024x768.jpg 1024w, https:\/\/nomadeculturale.com\/wp-content\/uploads\/2024\/02\/Convento-do-Carmo-Lisboa-300x225.jpg 300w, https:\/\/nomadeculturale.com\/wp-content\/uploads\/2024\/02\/Convento-do-Carmo-Lisboa-768x576.jpg 768w, https:\/\/nomadeculturale.com\/wp-content\/uploads\/2024\/02\/Convento-do-Carmo-Lisboa-1536x1152.jpg 1536w, https:\/\/nomadeculturale.com\/wp-content\/uploads\/2024\/02\/Convento-do-Carmo-Lisboa.jpg 1600w\" sizes=\"auto, (max-width: 1024px) 100vw, 1024px\" \/><\/figure>\n\n\n\n<p>Qu\u00e9 hacer en Lisboa en mayo.<\/p>\n\n\n\n<p>Una de las atracciones que adquiere un encanto particular precisamente durante la bella estaci\u00f3n es el ic\u00f3nico Convento do Carmo.<\/p>\n\n\n\n<p>Para quien no lo sepa, se trata de un antiguo convento g\u00f3tico, fundado en 1389 y parcialmente destruido por el terremoto de 1755.<\/p>\n\n\n\n<p>Debido al se\u00edsmo, pr\u00e1cticamente todo el techo se derrumb\u00f3, dejando solo los arcos y los muros laterales. A lo largo de los siglos se pens\u00f3 varias veces en restaurar la estructura, pero al final decidieron dejarla as\u00ed debido a su encanto decadente.<\/p>\n\n\n\n<p>En mayo, el Convento do Carmo se convierte en el escenario de Lisbon Under Stars, una experiencia inmersiva que utiliza la fachada del convento como tel\u00f3n de fondo para un espect\u00e1culo multimedia que narra la historia de Lisboa a trav\u00e9s de luces, sonidos y proyecciones digitales.<\/p>\n\n\n\n<p>Este evento transforma las ruinas en un lienzo viviente, donde la historia se entrelaza con el arte moderno, ofreciendo a los participantes un viaje encantador a trav\u00e9s del tiempo.<\/p>\n\n\n\n<p>Una forma \u00fanica e innovadora de conocer mejor la ciudad, y hacerlo inmersos en una atm\u00f3sfera cuanto menos espectacular.<\/p>\n\n\n\n<h2 class=\"wp-block-heading\"><strong>Tiempo, clima y temperaturas en Lisboa en mayo<\/strong><\/h2>\n\n\n\n<figure class=\"wp-block-image size-large\"><img loading=\"lazy\" decoding=\"async\" width=\"1024\" height=\"768\" src=\"https:\/\/nomadeculturale.com\/wp-content\/uploads\/2024\/02\/Clima-en-Lisboa-en-mayo-1024x768.jpg\" alt=\"Clima en Lisboa en mayo\" class=\"wp-image-5396\" srcset=\"https:\/\/nomadeculturale.com\/wp-content\/uploads\/2024\/02\/Clima-en-Lisboa-en-mayo-1024x768.jpg 1024w, https:\/\/nomadeculturale.com\/wp-content\/uploads\/2024\/02\/Clima-en-Lisboa-en-mayo-300x225.jpg 300w, https:\/\/nomadeculturale.com\/wp-content\/uploads\/2024\/02\/Clima-en-Lisboa-en-mayo-768x576.jpg 768w, https:\/\/nomadeculturale.com\/wp-content\/uploads\/2024\/02\/Clima-en-Lisboa-en-mayo-1536x1152.jpg 1536w, https:\/\/nomadeculturale.com\/wp-content\/uploads\/2024\/02\/Clima-en-Lisboa-en-mayo.jpg 1600w\" sizes=\"auto, (max-width: 1024px) 100vw, 1024px\" \/><\/figure>\n\n\n\n<p>Despu\u00e9s de ver cu\u00e1les son las cosas m\u00e1s interesantes para hacer, ha llegado el momento de hablar del clima en Lisboa en mayo.<\/p>\n\n\n\n<p>En general, la capital portuguesa tiene un clima suave y soleado durante casi todo el a\u00f1o, y el mes en cuesti\u00f3n no es una excepci\u00f3n.<\/p>\n\n\n\n<p><strong>\u00bfC\u00f3mo son las temperaturas?<\/strong><\/p>\n\n\n\n<p><strong>En Lisboa en mayo, las temperaturas medias oscilan entre una m\u00ednima de 14\u00b0C y una m\u00e1xima de 22\u00b0C.<\/strong><\/p>\n\n\n\n<p>Obviamente se trata de temperaturas medias. En realidad, no es raro alcanzar <strong>picos de 30\u00b0C<\/strong> o en algunas noches m\u00e1s fr\u00edas bajar de los 14\u00b0C.<\/p>\n\n\n\n<p>En cuanto al sol, el mes de mayo regala largos d\u00edas, en su mayor\u00eda soleados y con muy pocas nubes. De media hay 9 horas de sol al d\u00eda.<\/p>\n\n\n\n<p><strong>\u00bfY las lluvias?<\/strong><\/p>\n\n\n\n<p>En Lisboa en mayo, <strong>las precipitaciones son relativamente bajas, de hecho hay apenas 5 d\u00edas de lluvia al mes<\/strong>. As\u00ed que seguramente no tendr\u00e1s que preocuparte por llevar paraguas, especialmente si visitas la ciudad en la segunda mitad de mayo.<\/p>\n\n\n\n<p><strong>\u00bfSe puede ba\u00f1ar?<\/strong><\/p>\n\n\n\n<p>Lisboa, como quiz\u00e1s sepas, se asoma parcialmente al Oc\u00e9ano Atl\u00e1ntico. Por lo tanto, por razones obvias, la temperatura del agua es definitivamente m\u00e1s baja que en el Mediterr\u00e1neo.<\/p>\n\n\n\n<h2 class=\"wp-block-heading\"><strong>C\u00f3mo vestirse en Lisboa en mayo<\/strong><\/h2>\n\n\n\n<p>Como has visto, el clima es excelente, con alg\u00fan m\u00ednimo de fr\u00edo en algunas noches.<\/p>\n\n\n\n<p>Por este motivo, la ropa a llevar es de finales de primavera \/ verano.<\/p>\n\n\n\n<p>En cuanto a la vestimenta, te recomiendo muchas camisetas, una chaqueta ligera o un c\u00e1rdigan para las noches m\u00e1s frescas, y obviamente jeans c\u00f3modos, pantalones elegantes (para salir por la noche).<\/p>\n\n\n\n<p>En cuanto a los tejidos, opta por algod\u00f3n y lino que son transpirables y por lo tanto excelentes para los d\u00edas m\u00e1s calurosos.<\/p>\n\n\n\n<p>Y si piensas ir a la playa, obviamente lleva contigo un par de trajes de ba\u00f1o.<\/p>\n\n\n\n<p>\u00bfY para los zapatos? Opta por calzado s\u00faper c\u00f3modo y adecuado para largas caminatas. Adem\u00e1s, ten en cuenta que Lisboa est\u00e1 construida sobre 7 colinas, y muchas calles, especialmente las del centro, est\u00e1n cubiertas de adoquines y empedrados (\u00a1por lo que se resbala f\u00e1cilmente!).<\/p>\n\n\n\n<p>Digamos que si eres mujer, Lisboa no es un destino ideal para llevar zapatos inc\u00f3modos o incluso tacones.<\/p>\n\n\n\n<p>En cuanto a los accesorios, te recomiendo absolutamente un par de gafas de sol, dadas las muchas horas de luz.<\/p>\n\n\n\n<p>Adem\u00e1s, lleva tambi\u00e9n una crema solar y una gorra.<\/p>\n\n\n\n<p>Una cosa que personalmente siempre llevo es un power bank, fundamental para evitar quedarse con el tel\u00e9fono descargado mientras estoy por la ciudad.<\/p>\n\n\n\n<p>\u00bfQuieres saber m\u00e1s sobre los eventos y qu\u00e9 hacer en los otros meses del a\u00f1o en Lisboa? Aqu\u00ed est\u00e1n mis gu\u00edas:<\/p>\n\n\n\n<ul class=\"wp-block-list\">\n<li><strong><a href=\"https:\/\/nomadeculturale.com\/es\/lisboa-en-junio-que-hacer-y-clima\/\" data-type=\"post\" data-id=\"4731\">Qu\u00e9 hacer en Lisboa en junio<\/a><\/strong><\/li>\n\n\n\n<li><strong><a href=\"https:\/\/nomadeculturale.com\/es\/lisboa-en-julio-que-hacer\/\" data-type=\"post\" data-id=\"4737\">Qu\u00e9 hacer en Lisboa en julio<\/a><\/strong><\/li>\n<\/ul>\n","protected":false},"excerpt":{"rendered":"<p>Gu\u00eda actualizada para visitar Lisboa en mayo:. Qu\u00e9 hacer, eventos , temperaturas y qu\u00e9 llevar en la maleta.<\/p>\n","protected":false},"author":1,"featured_media":5420,"comment_status":"open","ping_status":"open","sticky":false,"template":"","format":"standard","meta":{"_editorskit_title_hidden":false,"_editorskit_reading_time":0,"_editorskit_is_block_options_detached":false,"_editorskit_block_options_position":"{}","_kad_blocks_custom_css":"","_kad_blocks_head_custom_js":"","_kad_blocks_body_custom_js":"","_kad_blocks_footer_custom_js":"","_kadence_starter_templates_imported_post":false,"_kad_post_transparent":"","_kad_post_title":"","_kad_post_layout":"","_kad_post_sidebar_id":"","_kad_post_content_style":"","_kad_post_vertical_padding":"","_kad_post_feature":"","_kad_post_feature_position":"","_kad_post_header":false,"_kad_post_footer":false,"footnotes":""},"categories":[324,325],"tags":[],"class_list":["post-4725","post","type-post","status-publish","format-standard","has-post-thumbnail","hentry","category-lisboa","category-portugal"],"taxonomy_info":{"category":[{"value":324,"label":"Lisboa"},{"value":325,"label":"Portugal"}]},"featured_image_src_large":["https:\/\/nomadeculturale.com\/wp-content\/uploads\/2024\/02\/Visitar-Lisboa-en-mayo-1024x768.jpg",1024,768,true],"author_info":{"display_name":"Alex Bulla","author_link":"https:\/\/nomadeculturale.com\/es\/author\/alex_viaggiatore_culturale\/"},"comment_info":0,"category_info":[{"term_id":324,"name":"Lisboa","slug":"lisboa","term_group":0,"term_taxonomy_id":324,"taxonomy":"category","description":"","parent":0,"count":27,"filter":"raw","cat_ID":324,"category_count":27,"category_description":"","cat_name":"Lisboa","category_nicename":"lisboa","category_parent":0},{"term_id":325,"name":"Portugal","slug":"portugal","term_group":0,"term_taxonomy_id":325,"taxonomy":"category","description":"","parent":0,"count":24,"filter":"raw","cat_ID":325,"category_count":24,"category_description":"","cat_name":"Portugal","category_nicename":"portugal","category_parent":0}],"tag_info":false,"_links":{"self":[{"href":"https:\/\/nomadeculturale.com\/es\/wp-json\/wp\/v2\/posts\/4725","targetHints":{"allow":["GET"]}}],"collection":[{"href":"https:\/\/nomadeculturale.com\/es\/wp-json\/wp\/v2\/posts"}],"about":[{"href":"https:\/\/nomadeculturale.com\/es\/wp-json\/wp\/v2\/types\/post"}],"author":[{"embeddable":true,"href":"https:\/\/nomadeculturale.com\/es\/wp-json\/wp\/v2\/users\/1"}],"replies":[{"embeddable":true,"href":"https:\/\/nomadeculturale.com\/es\/wp-json\/wp\/v2\/comments?post=4725"}],"version-history":[{"count":17,"href":"https:\/\/nomadeculturale.com\/es\/wp-json\/wp\/v2\/posts\/4725\/revisions"}],"predecessor-version":[{"id":6030,"href":"https:\/\/nomadeculturale.com\/es\/wp-json\/wp\/v2\/posts\/4725\/revisions\/6030"}],"wp:featuredmedia":[{"embeddable":true,"href":"https:\/\/nomadeculturale.com\/es\/wp-json\/wp\/v2\/media\/5420"}],"wp:attachment":[{"href":"https:\/\/nomadeculturale.com\/es\/wp-json\/wp\/v2\/media?parent=4725"}],"wp:term":[{"taxonomy":"category","embeddable":true,"href":"https:\/\/nomadeculturale.com\/es\/wp-json\/wp\/v2\/categories?post=4725"},{"taxonomy":"post_tag","embeddable":true,"href":"https:\/\/nomadeculturale.com\/es\/wp-json\/wp\/v2\/tags?post=4725"}],"curies":[{"name":"wp","href":"https:\/\/api.w.org\/{rel}","templated":true}]}}