{"id":4668,"date":"2025-10-16T15:31:00","date_gmt":"2025-10-16T14:31:00","guid":{"rendered":"https:\/\/nomadeculturale.com\/cosa-vedere-a-lisbona-in-3-giorni-itinerario\/"},"modified":"2025-04-16T17:20:28","modified_gmt":"2025-04-16T16:20:28","slug":"lisboa-en-3-dias-ruta-y-mapa","status":"publish","type":"post","link":"https:\/\/nomadeculturale.com\/es\/lisboa-en-3-dias-ruta-y-mapa\/","title":{"rendered":"Qu\u00e9 Ver en Lisboa en 3 D\u00edas: Ruta+ Consejos + Mapas 2025"},"content":{"rendered":"\n<p>\u00bfQuieres saber <strong>qu\u00e9 ver en Lisboa en 3 d\u00edas<\/strong>?<\/p>\n\n\n\n<p>\u00bfBuscas informaci\u00f3n actualizada para <strong>planificar tu viaje a Lisboa<\/strong> por tu cuenta?<\/p>\n\n\n\n<p>Como alguien que ha vivido en Lisboa (y que sigue regresando con frecuencia), te ofrezco una gu\u00eda s\u00faper completa que incluye:<\/p>\n\n\n\n<ul class=\"wp-block-list\">\n<li><strong>Un itinerario de 3 d\u00edas en Lisboa<\/strong> detallado y organizado d\u00eda por d\u00eda<\/li>\n\n\n\n<li><strong>Un mapa<\/strong> para cada d\u00eda de la ruta.<\/li>\n\n\n\n<li><strong>Informaci\u00f3n pr\u00e1ctica y actualizada<\/strong> sobre todas las atracciones, incluyendo precios de entrada, horarios y ubicaci\u00f3n.<\/li>\n\n\n\n<li><strong>Curiosidades y consejos \u00fanicos<\/strong> que solo alguien que ha vivido en Lisboa puede compartir.<\/li>\n<\/ul>\n\n\n\n<p>\u00bfEst\u00e1s lista\/o para descubrir lo mejor que ofrece la capital portuguesa? \u00bfS\u00ed? \u00a1Pues vamos all\u00e1!<\/p>\n\n\n<style>.kadence-column4668_24fa1e-30 > .kt-inside-inner-col{padding-top:var(--global-kb-spacing-xs, 1rem);padding-right:var(--global-kb-spacing-xs, 1rem);padding-bottom:var(--global-kb-spacing-xs, 1rem);padding-left:var(--global-kb-spacing-xs, 1rem);}.kadence-column4668_24fa1e-30 > .kt-inside-inner-col,.kadence-column4668_24fa1e-30 > .kt-inside-inner-col:before{border-top-left-radius:0px;border-top-right-radius:0px;border-bottom-right-radius:0px;border-bottom-left-radius:0px;}.kadence-column4668_24fa1e-30 > .kt-inside-inner-col{column-gap:var(--global-kb-gap-sm, 1rem);}.kadence-column4668_24fa1e-30 > .kt-inside-inner-col{flex-direction:column;}.kadence-column4668_24fa1e-30 > .kt-inside-inner-col > .aligncenter{width:100%;}.kadence-column4668_24fa1e-30 > .kt-inside-inner-col{background-color:rgba(96, 108, 56, 0.15);}.kadence-column4668_24fa1e-30 > .kt-inside-inner-col:before{opacity:0.3;}.kadence-column4668_24fa1e-30{position:relative;}.kadence-column4668_24fa1e-30, .kt-inside-inner-col > .kadence-column4668_24fa1e-30:not(.specificity){margin-top:var(--global-kb-spacing-xxs, 0.5rem);margin-bottom:var(--global-kb-spacing-xs, 1rem);}@media all and (max-width: 1024px){.kadence-column4668_24fa1e-30 > .kt-inside-inner-col{flex-direction:column;justify-content:center;}}@media all and (max-width: 767px){.kadence-column4668_24fa1e-30 > .kt-inside-inner-col{flex-direction:column;justify-content:center;}}<\/style>\n<div class=\"wp-block-kadence-column kadence-column4668_24fa1e-30\"><div class=\"kt-inside-inner-col\">\n<p><strong>Aqu\u00ed tienes un breve resumen de mi itinerario de 3 d\u00edas en Lisboa<\/strong>:<\/p>\n\n\n\n<ul class=\"wp-block-list\">\n<li><strong>D\u00eda 1 \u2013 Centro de Lisboa<\/strong>: En este primer d\u00eda, las paradas incluyen las principales atracciones del centro, por lo tanto <em>Plaza del Com\u00e9rcio, Lisboa Story Centre, Arco da Rua Augusta, Plaza del Rossio, A Ginjinha, Elevador de Santa Justa, Convento do Carmo y el Bairro Alto<\/em>.<\/li>\n\n\n\n<li><strong>D\u00eda 2 \u2013 Barrio de Bel\u00e9m<\/strong>: El segundo d\u00eda de este itinerario de 3 d\u00edas en Lisboa prev\u00e9 la visita a Bel\u00e9m, situada a unos 7 km del centro. Las paradas son las siguientes: <em>Monasterio de los Jer\u00f3nimos, Museo Berardo, Museo Quake, Monumento a los Descubrimientos y la Torre de Bel\u00e9m<\/em>.<\/li>\n\n\n\n<li><strong>D\u00eda 3 \u2013 Alfama y Alc\u00e2ntara<\/strong>: Durante el \u00faltimo d\u00eda visitaremos los dos barrios y las siguientes paradas: <em>Tranv\u00eda 28, Miradouro de Santa Luzia, Castillo de San Jorge, Museu Nacional de Arte Antiga, Timeout Market y Pink Street<\/em>.<\/li>\n<\/ul>\n\n\n\n<p>Si quieres profundizar y descubrir el itinerario en detalle (con consejos, curiosidades e informaci\u00f3n \u00fatil sobre horarios, entradas y mucho m\u00e1s), sigue leyendo el art\u00edculo.<\/p>\n<\/div><\/div>\n\n\n\n<h2 class=\"wp-block-heading\"><strong>D\u00f3nde alojarse en Lisboa durante 3 d\u00edas<\/strong><\/h2>\n\n\n\n<p>Si a\u00fan no has decidido <strong>d\u00f3nde alojarte en Lisboa<\/strong>, en esta primera secci\u00f3n te explico cu\u00e1les son las mejores zonas divididas seg\u00fan tus posibles necesidades.<\/p>\n\n\n\n<p><strong>Si es la primera vez que visitas Lisboa<\/strong>, te recomiendo absolutamente los barrios c\u00e9ntricos como <strong>Baixa, Chiado y la zona del Rossio<\/strong>. Aqu\u00ed encontrar\u00e1s alojamientos para todos los bolsillos y estar\u00e1s cerca de la mayor\u00eda de las atracciones.<\/p>\n\n\n\n<p><strong>Alojamientos recomendados en esta zona:<\/strong><\/p>\n\n\n\n<ul class=\"wp-block-list\">\n<li><strong>Econ\u00f3mico: <a href=\"https:\/\/www.booking.com\/hotel\/pt\/beach-destination-hostel.es.html?aid=2290770&amp;no_rooms=1&amp;group_adults=2&amp;label=nomade_lisboa_3dias_post\" target=\"_blank\" rel=\"noreferrer noopener nofollow\">Sunset Destination Hostel<\/a><\/strong><\/li>\n\n\n\n<li><strong>Gama media: <a href=\"https:\/\/www.booking.com\/hotel\/pt\/esqina-baixa-urban-lodge.es.html?aid=2290770&amp;no_rooms=1&amp;group_adults=2&amp;label=nomade_lisboa_3dias_post\" target=\"_blank\" rel=\"noreferrer noopener nofollow\">Esqina Urban Lodge<\/a><\/strong><\/li>\n\n\n\n<li><strong>Lujoso: <a href=\"https:\/\/www.booking.com\/hotel\/pt\/corpo-santo.es.html?aid=2290770&amp;no_rooms=1&amp;group_adults=2&amp;label=nomade_lisboa_3dias_post\" target=\"_blank\" rel=\"noreferrer noopener nofollow\">Corpo Santo Lisbon Historical Hotel<\/a><\/strong><\/li>\n<\/ul>\n\n\n\n<p>Si te interesa la <strong>vida nocturna<\/strong>, te recomiendo alojarte entre el <strong>Bairro Alto y Cais do Sodr\u00e9<\/strong>.<\/p>\n\n\n\n<p><strong>Alojamientos recomendados en esta zona:<\/strong><\/p>\n\n\n\n<ul class=\"wp-block-list\">\n<li><strong>Econ\u00f3mico: <a href=\"https:\/\/www.booking.com\/hotel\/pt\/the-independente-hostel-suites.es.html?aid=2290770&amp;no_rooms=1&amp;group_adults=2&amp;label=nomade_lisboa_3dias_post\" target=\"_blank\" rel=\"noreferrer noopener nofollow\">Independente Principe Real<\/a><\/strong><\/li>\n\n\n\n<li><strong>Gama media: <a href=\"https:\/\/www.booking.com\/hotel\/pt\/bronzes-de-arte.es.html?aid=2290770&amp;no_rooms=1&amp;group_adults=2&amp;label=nomade_lisboa_3dias_post\" target=\"_blank\" rel=\"noreferrer noopener nofollow\">Bairro Alto Bronze of Art Apartments<\/a><\/strong><\/li>\n\n\n\n<li><strong>Lujoso: <a href=\"https:\/\/www.booking.com\/hotel\/pt\/raw-culture-art-lofts-bairro-alto.es.html?aid=2290770&amp;no_rooms=1&amp;group_adults=2&amp;label=nomade_lisboa_3dias_post\" target=\"_blank\" rel=\"noreferrer noopener nofollow\">Raw Culture Art &amp; Lofts Bairro Alto<\/a><\/strong><\/li>\n<\/ul>\n\n\n\n<p><strong>Si visitas Lisboa durante 3 d\u00edas con la familia<\/strong>, te recomiendo Parque das Na\u00e7oes, porque alberga varios parques y atracciones dedicadas a los ni\u00f1os, como por ejemplo el Oceanario de Lisboa (un acuario) y el Museo de las Ciencias.<\/p>\n\n\n\n<p><strong>Alojamientos recomendados en esta zona:<\/strong><\/p>\n\n\n\n<ul class=\"wp-block-list\">\n<li><strong>Econ\u00f3mico: <a href=\"https:\/\/www.booking.com\/hotel\/pt\/pousada-de-juventude-do-parque-das-nacoes.es.html?aid=2290770&amp;no_rooms=1&amp;group_adults=2&amp;label=nomade_lisboa_3dias_post\" target=\"_blank\" rel=\"noreferrer noopener nofollow\">HI Parque das Na\u00e7\u00f5es \u2013 Pousada de Juventude<\/a><\/strong><\/li>\n\n\n\n<li><strong>Gama media: <a href=\"https:\/\/www.booking.com\/hotel\/pt\/the-homeboat-company-parque-das-nacoes-lisboa-lisboa.es.html?aid=2290770&amp;no_rooms=1&amp;group_adults=2&amp;label=nomade_lisboa_3dias_post\" target=\"_blank\" rel=\"noreferrer noopener nofollow\">The Homeboat Company<\/a><\/strong><\/li>\n\n\n\n<li><strong>Lujoso: <a href=\"https:\/\/www.booking.com\/hotel\/pt\/myriad-by-sana-hotels.es.html?aid=2290770&amp;no_rooms=1&amp;group_adults=2&amp;label=nomade_lisboa_3dias_post\" target=\"_blank\" rel=\"noreferrer noopener nofollow\">Myriad by Sana Hotels<\/a><\/strong><\/li>\n<\/ul>\n\n\n\n<h2 class=\"wp-block-heading\">Qu\u00e9 ver en Lisboa en 3 d\u00edas: rutas diarias y mapas<\/h2>\n\n\n\n<h3 class=\"wp-block-heading\">D\u00eda 1: Centro de Lisboa<\/h3>\n\n\n\n<figure class=\"wp-block-image size-large\"><img loading=\"lazy\" decoding=\"async\" width=\"1024\" height=\"768\" src=\"https:\/\/nomadeculturale.com\/wp-content\/uploads\/2024\/01\/Que-visitar-en-Lisboa-en-3-dias-ruta-del-dia-1-1024x768.jpg\" alt=\"Qu\u00e9 visitar en Lisboa en 3 d\u00edas, ruta del d\u00eda 1\" class=\"wp-image-5697\" srcset=\"https:\/\/nomadeculturale.com\/wp-content\/uploads\/2024\/01\/Que-visitar-en-Lisboa-en-3-dias-ruta-del-dia-1-1024x768.jpg 1024w, https:\/\/nomadeculturale.com\/wp-content\/uploads\/2024\/01\/Que-visitar-en-Lisboa-en-3-dias-ruta-del-dia-1-300x225.jpg 300w, https:\/\/nomadeculturale.com\/wp-content\/uploads\/2024\/01\/Que-visitar-en-Lisboa-en-3-dias-ruta-del-dia-1-768x576.jpg 768w, https:\/\/nomadeculturale.com\/wp-content\/uploads\/2024\/01\/Que-visitar-en-Lisboa-en-3-dias-ruta-del-dia-1-1536x1152.jpg 1536w, https:\/\/nomadeculturale.com\/wp-content\/uploads\/2024\/01\/Que-visitar-en-Lisboa-en-3-dias-ruta-del-dia-1.jpg 1600w\" sizes=\"auto, (max-width: 1024px) 100vw, 1024px\" \/><\/figure>\n\n\n\n<p>Nuestro itinerario comienza en el centro de Lisboa que alberga los <a href=\"https:\/\/nomadeculturale.com\/es\/barrios-de-lisboa-para-visitar\/\" target=\"_blank\" data-type=\"post\" data-id=\"4833\" rel=\"noreferrer noopener\">barrios m\u00e1s ic\u00f3nicos<\/a> y algunas de las atracciones m\u00e1s famosas.<\/p>\n\n\n\n<p><strong>Aqu\u00ed tienes el mapa y las paradas del itinerario de hoy:<\/strong><\/p>\n\n\n\n<iframe loading=\"lazy\" src=\"https:\/\/www.google.es\/maps\/d\/u\/0\/embed?mid=1iWj5FHkxSQcVKtkSDi0-V9m9W2d9B-U&#038;ehbc=2E312F&#038;noprof=1\" width=\"640\" height=\"480\"><\/iframe>\n\n\n\n<ul class=\"wp-block-list\">\n<li>a) <strong>Pra\u00e7a do Com\u00e9rcio<\/strong><\/li>\n\n\n\n<li>b) <strong>Lisboa Story Centre<\/strong><\/li>\n\n\n\n<li>c) <strong>Arco da Rua Augusta<\/strong><\/li>\n\n\n\n<li>d) <strong>Plaza del Rossio<\/strong><\/li>\n\n\n\n<li>e) <strong>A Ginjinha<\/strong><\/li>\n\n\n\n<li>f) <strong>Elevador de Santa Justa<\/strong><\/li>\n\n\n\n<li>g) <strong>Convento do Carmo<\/strong><\/li>\n\n\n\n<li>h) <strong>Bairro Alto<\/strong><\/li>\n<\/ul>\n\n\n<style>.kadence-column4668_1617e9-7f > .kt-inside-inner-col{padding-top:var(--global-kb-spacing-xs, 1rem);padding-right:var(--global-kb-spacing-xs, 1rem);padding-bottom:var(--global-kb-spacing-xs, 1rem);padding-left:var(--global-kb-spacing-xs, 1rem);}.kadence-column4668_1617e9-7f > .kt-inside-inner-col,.kadence-column4668_1617e9-7f > .kt-inside-inner-col:before{border-top-left-radius:0px;border-top-right-radius:0px;border-bottom-right-radius:0px;border-bottom-left-radius:0px;}.kadence-column4668_1617e9-7f > .kt-inside-inner-col{column-gap:var(--global-kb-gap-sm, 1rem);}.kadence-column4668_1617e9-7f > .kt-inside-inner-col{flex-direction:column;}.kadence-column4668_1617e9-7f > .kt-inside-inner-col > .aligncenter{width:100%;}.kadence-column4668_1617e9-7f > .kt-inside-inner-col{background-color:rgba(255, 188, 64, 0.15);}.kadence-column4668_1617e9-7f > .kt-inside-inner-col:before{opacity:0.3;}.kadence-column4668_1617e9-7f{position:relative;}.kadence-column4668_1617e9-7f, .kt-inside-inner-col > .kadence-column4668_1617e9-7f:not(.specificity){margin-top:var(--global-kb-spacing-xxs, 0.5rem);margin-bottom:var(--global-kb-spacing-xs, 1rem);}@media all and (max-width: 1024px){.kadence-column4668_1617e9-7f > .kt-inside-inner-col{flex-direction:column;justify-content:center;}}@media all and (max-width: 767px){.kadence-column4668_1617e9-7f > .kt-inside-inner-col{flex-direction:column;justify-content:center;}}<\/style>\n<div class=\"wp-block-kadence-column kadence-column4668_1617e9-7f\"><div class=\"kt-inside-inner-col\">\n<p class=\"has-medium-font-size\"><strong>Consejo del N\u00f3mada<\/strong>: una excelente manera de descubrir el centro de Lisboa sin gastar demasiado es participar en un free tour (visita reservable GRATIS, al final se deja una propina a voluntad).<\/p>\n\n\n\n<p><em>El free tour que te recomiendo es <a href=\"https:\/\/www.civitatis.com\/es\/lisboa\/free-tour-lisboa\/?aid=13436&amp;cmp=nomade_lisboa_3dias_post\" target=\"_blank\" rel=\"noreferrer noopener nofollow\"><strong>este<\/strong><\/a>. Dura aproximadamente 3 horas y se realiza en espa\u00f1ol. La gu\u00eda en mi caso fue Martina. Fue excelente manteniendo alta la atenci\u00f3n durante todo el tiempo, proporcion\u00e1ndonos tanto consejos como curiosidades y an\u00e9cdotas sobre las principales atracciones de la ciudad.<\/em><\/p>\n\n\n\n<p class=\"has-medium-font-size\"><em>\u00bfC\u00f3mo reservar? <a href=\"https:\/\/www.civitatis.com\/es\/lisboa\/free-tour-lisboa\/?aid=13436&amp;cmp=nomade_lisboa_3dias_post\" target=\"_blank\" rel=\"noreferrer noopener nofollow\"><strong>online y de forma gratuita en este sitio<\/strong><\/a>.<\/em><\/p>\n<\/div><\/div>\n\n\n\n<h4 class=\"wp-block-heading\"><strong>Pra\u00e7a do Com\u00e9rcio<\/strong><\/h4>\n\n\n\n<figure class=\"wp-block-image size-large\"><img loading=\"lazy\" decoding=\"async\" width=\"1024\" height=\"768\" src=\"https:\/\/nomadeculturale.com\/wp-content\/uploads\/2024\/01\/Plaza-del-Comercio-en-Lisboa-1024x768.jpg\" alt=\"Plaza del Comercio, en Lisboa\" class=\"wp-image-5685\" srcset=\"https:\/\/nomadeculturale.com\/wp-content\/uploads\/2024\/01\/Plaza-del-Comercio-en-Lisboa-1024x768.jpg 1024w, https:\/\/nomadeculturale.com\/wp-content\/uploads\/2024\/01\/Plaza-del-Comercio-en-Lisboa-300x225.jpg 300w, https:\/\/nomadeculturale.com\/wp-content\/uploads\/2024\/01\/Plaza-del-Comercio-en-Lisboa-768x576.jpg 768w, https:\/\/nomadeculturale.com\/wp-content\/uploads\/2024\/01\/Plaza-del-Comercio-en-Lisboa-1536x1152.jpg 1536w, https:\/\/nomadeculturale.com\/wp-content\/uploads\/2024\/01\/Plaza-del-Comercio-en-Lisboa.jpg 1600w\" sizes=\"auto, (max-width: 1024px) 100vw, 1024px\" \/><\/figure>\n\n\n\n<p>La primera parada de nuestro itinerario de tres d\u00edas en Lisboa nos lleva a uno de los lugares m\u00e1s simb\u00f3licos de la capital portuguesa.<\/p>\n\n\n\n<p><strong>Pra\u00e7a do Com\u00e9rcio<\/strong>, mejor conocida como Terreiro do Pa\u00e7o, es una majestuosa plaza <strong>construida despu\u00e9s del desastroso terremoto de 1755<\/strong>.<\/p>\n\n\n\n<p>Donde hoy se levanta esta plaza, una vez se ergu\u00eda el Palacio Ribeira, una residencia real que fue completamente arrasada por el terremoto.<\/p>\n\n\n\n<p>Aqu\u00ed est\u00e1n los principales puntos de inter\u00e9s que vi durante mi visita a esta plaza:<\/p>\n\n\n\n<ul class=\"wp-block-list\">\n<li><strong>Estatua Ecuestre del rey Jos\u00e9 I:<\/strong> El primer elemento que llam\u00f3 mi atenci\u00f3n fue la gran estatua de bronce del rey Jos\u00e9 I, realizada por Joaquim Machado de Castro, como tributo al rey que sobrevivi\u00f3 durante el terremoto.<\/li>\n\n\n\n<li><strong>Arco da Rua Augusta:<\/strong> Otro elemento que es imposible no notar es el magn\u00edfico arco de triunfo, s\u00edmbolo del renacimiento de Lisboa, que conecta la plaza con el resto de la ciudad.<\/li>\n\n\n\n<li><strong>Caf\u00e9 Martinho da Arcada:<\/strong> Un amigo portugu\u00e9s me se\u00f1al\u00f3 tambi\u00e9n este bar\/restaurante que aparentemente es el m\u00e1s antiguo de Lisboa. Se encuentra en la esquina noreste de la plaza y est\u00e1 abierto desde el lejano 1782.<\/li>\n\n\n\n<li>El <a href=\"https:\/\/www.civitatis.com\/es\/lisboa\/entrada-lisboa-story-centre\/?aid=13436&amp;cmp=nomade_lisboa_3dias_post\" target=\"_blank\" rel=\"noreferrer noopener nofollow\"><strong>Museo Lisboa Story Centre<\/strong><\/a>, que es tambi\u00e9n nuestra pr\u00f3xima parada.<\/li>\n<\/ul>\n\n\n\n<h4 class=\"wp-block-heading\"><strong>Lisboa Story Centre<\/strong><\/h4>\n\n\n\n<figure class=\"wp-block-image size-large\"><img loading=\"lazy\" decoding=\"async\" width=\"1024\" height=\"768\" src=\"https:\/\/nomadeculturale.com\/wp-content\/uploads\/2024\/01\/Lisboa-Story-Centre-1024x768.jpg\" alt=\"Lisboa Story Centre\" class=\"wp-image-5667\" srcset=\"https:\/\/nomadeculturale.com\/wp-content\/uploads\/2024\/01\/Lisboa-Story-Centre-1024x768.jpg 1024w, https:\/\/nomadeculturale.com\/wp-content\/uploads\/2024\/01\/Lisboa-Story-Centre-300x225.jpg 300w, https:\/\/nomadeculturale.com\/wp-content\/uploads\/2024\/01\/Lisboa-Story-Centre-768x576.jpg 768w, https:\/\/nomadeculturale.com\/wp-content\/uploads\/2024\/01\/Lisboa-Story-Centre-1536x1152.jpg 1536w, https:\/\/nomadeculturale.com\/wp-content\/uploads\/2024\/01\/Lisboa-Story-Centre.jpg 1600w\" sizes=\"auto, (max-width: 1024px) 100vw, 1024px\" \/><\/figure>\n\n\n\n<p><strong>\u00bfQu\u00e9 ver en Lisboa en 3 d\u00edas?<\/strong> Sin necesidad de dejar Pra\u00e7a do Com\u00e9rcio, nos detuvimos en este interesant\u00edsimo <a href=\"https:\/\/www.civitatis.com\/es\/lisboa\/entrada-lisboa-story-centre\/?aid=13436&amp;cmp=nomade_lisboa_3dias_post\" target=\"_blank\" rel=\"noreferrer noopener nofollow\"><strong>museo dedicado a la historia de Lisboa<\/strong><\/a>.<\/p>\n\n\n\n<p><em>\u00abAlex, \u00bfde qu\u00e9 se trata exactamente?\u00bb<\/em><\/p>\n\n\n\n<p>El Lisboa Story Centre me permiti\u00f3 vivir un espectacular viaje a trav\u00e9s de la historia de Lisboa, <strong>combinando tecnolog\u00eda avanzada y escenograf\u00edas inmersivas<\/strong> para contar los acontecimientos m\u00e1s importantes que han marcado la capital portuguesa.<\/p>\n\n\n\n<p>El museo est\u00e1 dividido en 6 secciones tem\u00e1ticas, organizadas m\u00e1s o menos de manera cronol\u00f3gica.<\/p>\n\n\n\n<p>La secci\u00f3n que m\u00e1s me impresion\u00f3 es sin duda la tercera.<\/p>\n\n\n\n<p>Esta secci\u00f3n ofrece una representaci\u00f3n inmersiva del devastador terremoto de 1755, contando historias y an\u00e9cdotas al respecto y c\u00f3mo el terremoto tuvo un impacto en Lisboa.<\/p>\n\n\n\n<ul class=\"wp-block-list\">\n<li>\ud83c\udf9f\ufe0f <strong>Entradas<\/strong>: 7,50\u20ac adultos \/ 5,50\u20ac mayores de 65 y estudiantes \/ 3,50\u20ac 6-15 a\u00f1os \/ gratis 0-5 a\u00f1os (<a href=\"https:\/\/www.civitatis.com\/es\/lisboa\/entrada-lisboa-story-centre\/?aid=13436&amp;cmp=nomade_lisboa_3dias_post\" target=\"_blank\" rel=\"noreferrer noopener nofollow\"><strong>aqu\u00ed encuentras las entradas sin colas<\/strong><\/a>)<\/li>\n\n\n\n<li>\ud83d\udd52 <strong>Horarios<\/strong>: todos los d\u00edas, 10:00-19:00.<\/li>\n\n\n\n<li>\ud83d\udccd<strong>Ubicaci\u00f3n<\/strong>: Pra\u00e7a do Com\u00e9rcio 78. <a href=\"https:\/\/maps.app.goo.gl\/X5d2HU9YD3oUKrJD7\" target=\"_blank\" rel=\"noreferrer noopener\">Maps<\/a><\/li>\n<\/ul>\n\n\n\n<h4 class=\"wp-block-heading\"><strong>Arco da Rua Augusta<\/strong><\/h4>\n\n\n\n<figure class=\"wp-block-image size-large\"><img loading=\"lazy\" decoding=\"async\" width=\"1024\" height=\"768\" src=\"https:\/\/nomadeculturale.com\/wp-content\/uploads\/2024\/01\/Arco-da-Rua-Augusta-en-una-ruta-de-3-dias-en-Lisboa-1024x768.jpg\" alt=\"Arco da Rua Augusta, en una ruta de 3 dias en Lisboa\" class=\"wp-image-5709\" srcset=\"https:\/\/nomadeculturale.com\/wp-content\/uploads\/2024\/01\/Arco-da-Rua-Augusta-en-una-ruta-de-3-dias-en-Lisboa-1024x768.jpg 1024w, https:\/\/nomadeculturale.com\/wp-content\/uploads\/2024\/01\/Arco-da-Rua-Augusta-en-una-ruta-de-3-dias-en-Lisboa-300x225.jpg 300w, https:\/\/nomadeculturale.com\/wp-content\/uploads\/2024\/01\/Arco-da-Rua-Augusta-en-una-ruta-de-3-dias-en-Lisboa-768x576.jpg 768w, https:\/\/nomadeculturale.com\/wp-content\/uploads\/2024\/01\/Arco-da-Rua-Augusta-en-una-ruta-de-3-dias-en-Lisboa-1536x1152.jpg 1536w, https:\/\/nomadeculturale.com\/wp-content\/uploads\/2024\/01\/Arco-da-Rua-Augusta-en-una-ruta-de-3-dias-en-Lisboa.jpg 1600w\" sizes=\"auto, (max-width: 1024px) 100vw, 1024px\" \/><\/figure>\n\n\n\n<p>Otra de las cosas que ver en Lisboa en 3 d\u00edas es <strong>el arco que conecta Pra\u00e7a do Comercio con el resto de la ciudad<\/strong>.<\/p>\n\n\n\n<p>El <a href=\"https:\/\/www.civitatis.com\/es\/lisboa\/entrada-arco-rua-augusta\/?aid=13436&amp;cmp=nomade_lisboa_3dias_post\" target=\"_blank\" rel=\"noreferrer noopener nofollow\"><strong>Arco da Rua Augusta<\/strong><\/a> es una imponente obra arquitect\u00f3nica, s\u00edmbolo del renacimiento de Lisboa despu\u00e9s del devastador terremoto de 1755.<\/p>\n\n\n\n<p>El arco triunfal, de piedra, es uno de los ejemplos arquitect\u00f3nicos m\u00e1s relevantes de la Lisboa del siglo XIX.<\/p>\n\n\n\n<p>Fue proyectado inicialmente en el siglo XVIII para celebrar la reconstrucci\u00f3n de la ciudad despu\u00e9s del terremoto, pero las obras se completaron solo en 1875.<\/p>\n\n\n\n<p>El arco est\u00e1 <strong>lleno de elementos aleg\u00f3ricos y esculturas y bajorrelieves<\/strong>.<\/p>\n\n\n\n<p>Por ejemplo, en la cima del arco, encontramos un grupo aleg\u00f3rico realizado por el escultor C\u00e9lestin Anatole Calmels, titulado \u00abLa Gloria corona el Genio y la Valent\u00eda\u00bb.<\/p>\n\n\n\n<p><strong>Consejo del N\u00f3mada<\/strong>: te recomiendo encarecidamente no perderte el punto panor\u00e1mico que se encuentra en la cima del Arco da Rua Augusta. Desde este mirador podr\u00e1s admirar una de las vistas m\u00e1s sugestivas sobre la plaza y la Rua Augusta.*<\/p>\n\n\n\n<p>Aqu\u00ed tienes toda la informaci\u00f3n \u00fatil para subir al mirador:<\/p>\n\n\n\n<ul class=\"wp-block-list\">\n<li>\ud83c\udf9f\ufe0f <strong>Entradas<\/strong>: 4,50\u20ac desde 6 a\u00f1os \/ gratis 0-5 a\u00f1os (<a href=\"https:\/\/www.civitatis.com\/es\/lisboa\/entrada-arco-rua-augusta\/?aid=13436&amp;cmp=nomade_lisboa_3dias_post\" target=\"_blank\" rel=\"noreferrer noopener nofollow\"><strong>aqu\u00ed encuentras las entradas<\/strong><\/a>)<\/li>\n\n\n\n<li>\ud83d\udd52 <strong>Horarios<\/strong>: diariamente 10:00-19:00.<\/li>\n\n\n\n<li>\ud83d\udccd<strong>Ubicaci\u00f3n<\/strong>: R. Augusta 2. <a href=\"https:\/\/maps.app.goo.gl\/2PDp8D5NH36FUcRV9\" target=\"_blank\" rel=\"noreferrer noopener\">Maps<\/a><\/li>\n<\/ul>\n\n\n\n<h4 class=\"wp-block-heading\"><strong>Plaza del Rossio<\/strong><\/h4>\n\n\n\n<p>\u00bfQu\u00e9 visitar en Lisboa en 3 d\u00edas?<\/p>\n\n\n\n<p>A continuaci\u00f3n, seguimos por la Rua Augusta, la principal calle comercial de Lisboa, hasta llegar a la <strong>Plaza del Rossio<\/strong>, oficialmente conocida como <strong>Pra\u00e7a Dom Pedro IV<\/strong>.<\/p>\n\n\n\n<p>Durante su larga historia, la plaza ha albergado eventos de diversos tipos, desde corridas de toros hasta festivales, e incluso autos de fe durante la Inquisici\u00f3n espa\u00f1ola.<\/p>\n\n\n\n<p>Aqu\u00ed est\u00e1n las principales atracciones que pude ver en esta plaza:<\/p>\n\n\n\n<ul class=\"wp-block-list\">\n<li><strong>Teatro Nacional D. Maria II:<\/strong> Situado en el lado norte de la plaza, el teatro lleva el nombre de la hija de Pedro IV, Mar\u00eda II. Se trata de uno de los teatros m\u00e1s importantes de Portugal.<\/li>\n\n\n\n<li><strong>Estatua de Pedro IV:<\/strong> En el centro de la plaza se encuentra la estatua de Pedro IV de Portugal, primer emperador de Brasil. En la base de la estatua hay cuatro figuras aleg\u00f3ricas que representan las cuatro virtudes cardinales: Justicia, Sabidur\u00eda, Fortaleza y Templanza.<\/li>\n\n\n\n<li><strong>Cal\u00e7ada Portuguesa:<\/strong> En la mitad del siglo XIX, la plaza fue pavimentada con baldosas blancas y negras, creando un primer motivo decorativo que ha inspirado muchas otras plazas y calles de Lisboa. Este tipo de decoraci\u00f3n se ha convertido en uno de los elementos distintivos de Lisboa y de Portugal en general.<\/li>\n<\/ul>\n\n\n\n<h4 class=\"wp-block-heading\"><strong>Bar \u201cA Ginjinha\u201d<\/strong><\/h4>\n\n\n\n<p>Continuamos nuestro recorrido por Lisboa hacia la siguiente parada, ubicada a pocos pasos de la Plaza del Rossio. \u201cA Ginjinha\u201d es un hist\u00f3rico bar famoso por la Ginja.<\/p>\n\n\n\n<p>\u00bfDe qu\u00e9 se trata? La Ginja, o Ginjinha, es un <strong>licor muy dulce elaborado con aguardiente<\/strong> (un destilado) y guindas que se maceran en su interior.<\/p>\n\n\n\n<p>Es uno de los licores tradicionales tanto de Lisboa como de Portugal.<\/p>\n\n\n\n<p><strong>\u00bfD\u00f3nde probarlo?<\/strong> En el bar \u201cA Ginjinha,\u201d abierto desde 1840 y gestionado por la misma familia durante nada menos que cinco generaciones.<\/p>\n\n\n\n<p>Un chupito de Ginja cuesta aproximadamente 1,50\u20ac, y puedes elegir entre dos variantes: con o sin guindas (\u201ccom\u201d y \u201csem\u201d).<\/p>\n\n\n\n<p>\u00bfC\u00f3mo es? Delicioso, aunque el sabor de la canela suele ser m\u00e1s predominante que el de las guindas.<\/p>\n\n\n\n<p>De verdad, no puedes visitar Lisboa sin darte una vuelta por este hist\u00f3rico local.<\/p>\n\n\n\n<h4 class=\"wp-block-heading\"><strong>Elevador de Santa Justa<\/strong><\/h4>\n\n\n\n<figure class=\"wp-block-image size-large\"><img loading=\"lazy\" decoding=\"async\" width=\"1024\" height=\"768\" src=\"https:\/\/nomadeculturale.com\/wp-content\/uploads\/2024\/01\/Arco-da-Rua-Augusta-para-visitar-en-Lisboa-en-3-dias-1024x768.jpg\" alt=\"Arco da Rua Augusta, para visitar en Lisboa en 3 dias\" class=\"wp-image-5712\" srcset=\"https:\/\/nomadeculturale.com\/wp-content\/uploads\/2024\/01\/Arco-da-Rua-Augusta-para-visitar-en-Lisboa-en-3-dias-1024x768.jpg 1024w, https:\/\/nomadeculturale.com\/wp-content\/uploads\/2024\/01\/Arco-da-Rua-Augusta-para-visitar-en-Lisboa-en-3-dias-300x225.jpg 300w, https:\/\/nomadeculturale.com\/wp-content\/uploads\/2024\/01\/Arco-da-Rua-Augusta-para-visitar-en-Lisboa-en-3-dias-768x576.jpg 768w, https:\/\/nomadeculturale.com\/wp-content\/uploads\/2024\/01\/Arco-da-Rua-Augusta-para-visitar-en-Lisboa-en-3-dias-1536x1152.jpg 1536w, https:\/\/nomadeculturale.com\/wp-content\/uploads\/2024\/01\/Arco-da-Rua-Augusta-para-visitar-en-Lisboa-en-3-dias.jpg 1600w\" sizes=\"auto, (max-width: 1024px) 100vw, 1024px\" \/><\/figure>\n\n\n\n<p>\u00bfQu\u00e9 hacer en Lisboa en 3 d\u00edas? Para la siguiente parada, dir\u00edgete hacia <strong>Rua do Ouro<\/strong>, que est\u00e1 a poca distancia del bar A Ginjinha.<\/p>\n\n\n\n<p>El Elevador de Santa Justa es uno de los ascensores m\u00e1s famosos y representativos de la ciudad.<\/p>\n\n\n\n<p>Se trata de una estructura de hierro forjado del siglo XIX que conecta el <a href=\"https:\/\/nomadeculturale.com\/es\/barrio-baixa-lisboa-que-ver\/\" target=\"_blank\" data-type=\"post\" data-id=\"4818\" rel=\"noreferrer noopener\">barrio de Baixa<\/a> con el Largo do Carmo.<\/p>\n\n\n\n<p>El dise\u00f1o neog\u00f3tico, con intrincados motivos en hierro forjado, fue ideado por el ingeniero Raoul Mesnier du Ponsard. El ascensor fue inaugurado en 1902 y utilizaba originalmente un motor a vapor, sustituido por uno el\u00e9ctrico en 1907.<\/p>\n\n\n\n<p>Antiguamente, formaba parte del sistema de transporte p\u00fablico y ayudaba a los ciudadanos a evitar la empinada subida hacia Largo do Carmo.<\/p>\n\n\n\n<p>Hoy en d\u00eda, sigue siendo un medio de transporte, aunque se utiliza sobre todo como atracci\u00f3n tur\u00edstica.<\/p>\n\n\n<style>.kadence-column4668_10275d-df > .kt-inside-inner-col{padding-top:var(--global-kb-spacing-xs, 1rem);padding-right:var(--global-kb-spacing-xs, 1rem);padding-bottom:var(--global-kb-spacing-xs, 1rem);padding-left:var(--global-kb-spacing-xs, 1rem);}.kadence-column4668_10275d-df > .kt-inside-inner-col,.kadence-column4668_10275d-df > .kt-inside-inner-col:before{border-top-left-radius:0px;border-top-right-radius:0px;border-bottom-right-radius:0px;border-bottom-left-radius:0px;}.kadence-column4668_10275d-df > .kt-inside-inner-col{column-gap:var(--global-kb-gap-sm, 1rem);}.kadence-column4668_10275d-df > .kt-inside-inner-col{flex-direction:column;}.kadence-column4668_10275d-df > .kt-inside-inner-col > .aligncenter{width:100%;}.kadence-column4668_10275d-df > .kt-inside-inner-col{background-color:rgba(255, 188, 64, 0.15);}.kadence-column4668_10275d-df > .kt-inside-inner-col:before{opacity:0.3;}.kadence-column4668_10275d-df{position:relative;}.kadence-column4668_10275d-df, .kt-inside-inner-col > .kadence-column4668_10275d-df:not(.specificity){margin-top:var(--global-kb-spacing-xxs, 0.5rem);margin-bottom:var(--global-kb-spacing-xs, 1rem);}@media all and (max-width: 1024px){.kadence-column4668_10275d-df > .kt-inside-inner-col{flex-direction:column;justify-content:center;}}@media all and (max-width: 767px){.kadence-column4668_10275d-df > .kt-inside-inner-col{flex-direction:column;justify-content:center;}}<\/style>\n<div class=\"wp-block-kadence-column kadence-column4668_10275d-df\"><div class=\"kt-inside-inner-col\">\n<p class=\"has-medium-font-size\"><strong>Consejo del N\u00f3mada<\/strong>: el billete de ida y vuelta cuesta 6\u20ac. Un precio, en mi opini\u00f3n, algo elevado para unos pocos minutos de subida. \u00bfLa soluci\u00f3n? Adquiere la <a href=\"https:\/\/www.civitatis.com\/es\/lisboa\/lisboa-card\/?aid=13436&amp;cmp=nomade_lisboa_3dias_post\" target=\"_blank\" rel=\"noreferrer noopener nofollow\"><strong>Lisboa Card<\/strong><\/a>, que incluye muchas atracciones y todos los transportes p\u00fablicos. Con esta tarjeta, podr\u00e1s utilizar el Elevador sin pagar costos adicionales (<a href=\"https:\/\/www.civitatis.com\/es\/lisboa\/lisboa-card\/?aid=13436&amp;cmp=nomade_lisboa_3dias_post\" target=\"_blank\" rel=\"noreferrer noopener nofollow\"><strong>puedes conseguirla aqu\u00ed<\/strong><\/a>).<\/p>\n\n\n\n<p class=\"has-medium-font-size\"><strong>Otro consejo<\/strong>: una vez en la cima, contin\u00faa subiendo a pie tomando las escaleras hacia la terraza panor\u00e1mica m\u00e1s alta. Desde all\u00ed, podr\u00e1s disfrutar de una vista espectacular de la ciudad.<\/p>\n<\/div><\/div>\n\n\n\n<p><em><strong>Curiosidad<\/strong>: Lisboa es famosa por sus constantes subidas y bajadas debido a su peculiar configuraci\u00f3n geogr\u00e1fica (est\u00e1 construida sobre 7 colinas). Por esta raz\u00f3n, la ciudad cuenta con muchas terrazas panor\u00e1micas, ascensores y funiculares.<\/em><\/p>\n\n\n\n<h4 class=\"wp-block-heading\"><strong>Convento do Carmo<\/strong><\/h4>\n\n\n\n<figure class=\"wp-block-image size-large\"><img loading=\"lazy\" decoding=\"async\" width=\"1024\" height=\"768\" src=\"https:\/\/nomadeculturale.com\/wp-content\/uploads\/2024\/01\/Convento-do-Carmo-en-un-itinerario-de-3-dias-en-Lisboa-1024x768.jpg\" alt=\"Convento do Carmo, en un itinerario de 3 dias en Lisboa\" class=\"wp-image-5664\" srcset=\"https:\/\/nomadeculturale.com\/wp-content\/uploads\/2024\/01\/Convento-do-Carmo-en-un-itinerario-de-3-dias-en-Lisboa-1024x768.jpg 1024w, https:\/\/nomadeculturale.com\/wp-content\/uploads\/2024\/01\/Convento-do-Carmo-en-un-itinerario-de-3-dias-en-Lisboa-300x225.jpg 300w, https:\/\/nomadeculturale.com\/wp-content\/uploads\/2024\/01\/Convento-do-Carmo-en-un-itinerario-de-3-dias-en-Lisboa-768x576.jpg 768w, https:\/\/nomadeculturale.com\/wp-content\/uploads\/2024\/01\/Convento-do-Carmo-en-un-itinerario-de-3-dias-en-Lisboa-1536x1152.jpg 1536w, https:\/\/nomadeculturale.com\/wp-content\/uploads\/2024\/01\/Convento-do-Carmo-en-un-itinerario-de-3-dias-en-Lisboa.jpg 1600w\" sizes=\"auto, (max-width: 1024px) 100vw, 1024px\" \/><\/figure>\n\n\n\n<p>A este punto, nuestro itinerario de 3 d\u00edas en Lisboa sigue en Largo do Carmo, donde te llamar\u00e1 la atenci\u00f3n una iglesia parcialmente destruida.<\/p>\n\n\n\n<p>Es el ic\u00f3nico <strong>Convento do Carmo<\/strong>, conocido tambi\u00e9n como la \u201ciglesia sin techo de Lisboa,\u201d un extraordinario testimonio de la devastaci\u00f3n causada por el terremoto de 1755.<\/p>\n\n\n\n<p>La iglesia nunca fue completamente restaurada, ya que sus arcos, que se elevan como si sostuvieran el cielo, crean una atm\u00f3sfera surrealista y, en algunos casos, rom\u00e1ntica. Por este motivo, se decidi\u00f3 dejarla en su estado actual.<\/p>\n\n\n\n<p><strong>\u00bfQu\u00e9 ver en el Convento do Carmo?<\/strong><\/p>\n\n\n\n<ul class=\"wp-block-list\">\n<li><strong>Ruinas Medievales:<\/strong> El convento conserva impresionantes ruinas medievales con l\u00e1pidas, esculturas y azulejos (baldosas de cer\u00e1mica portuguesas y espa\u00f1olas).<\/li>\n\n\n\n<li><strong>Museo Arqueol\u00f3gico do Carmo (MAC):<\/strong> Fundado en 1864, el museo alberga colecciones que van desde la prehistoria hasta la \u00e9poca contempor\u00e1nea, incluyendo sarc\u00f3fagos romanos, momias peruanas y objetos de la Edad del Cobre.<\/li>\n<\/ul>\n\n\n\n<p><strong>Informaci\u00f3n \u00fatil para visitar el convento:<\/strong><\/p>\n\n\n\n<ul class=\"wp-block-list\">\n<li>\ud83c\udf9f\ufe0f <strong>Entradas<\/strong>: 7\u20ac adultos \/ 5\u20ac estudiantes y mayores de 65 \/ gratis menores de 14 a\u00f1os.<\/li>\n\n\n\n<li>\ud83d\udd52 <strong>Horarios<\/strong>: noviembre-abril 10:00-18:00 \/ mayo-octubre 10:00-19:00.<\/li>\n\n\n\n<li>\ud83d\udccd <strong>Ubicaci\u00f3n<\/strong>: Largo do Carmo 27. <a href=\"https:\/\/maps.app.goo.gl\/xgb3QNFhTUqC26GZA\" target=\"_blank\" rel=\"noreferrer noopener\">Maps<\/a><\/li>\n<\/ul>\n\n\n\n<h4 class=\"wp-block-heading\"><strong>Pasa la noche en el Bairro Alto<\/strong><\/h4>\n\n\n\n<figure class=\"wp-block-image size-large\"><img loading=\"lazy\" decoding=\"async\" width=\"1024\" height=\"768\" src=\"https:\/\/nomadeculturale.com\/wp-content\/uploads\/2024\/01\/Vida-nocturna-en-Lisboa-en-una-ruta-de-3-dias-1024x768.jpg\" alt=\"Vida nocturna en Lisboa en una ruta de 3 dias\" class=\"wp-image-5706\" srcset=\"https:\/\/nomadeculturale.com\/wp-content\/uploads\/2024\/01\/Vida-nocturna-en-Lisboa-en-una-ruta-de-3-dias-1024x768.jpg 1024w, https:\/\/nomadeculturale.com\/wp-content\/uploads\/2024\/01\/Vida-nocturna-en-Lisboa-en-una-ruta-de-3-dias-300x225.jpg 300w, https:\/\/nomadeculturale.com\/wp-content\/uploads\/2024\/01\/Vida-nocturna-en-Lisboa-en-una-ruta-de-3-dias-768x576.jpg 768w, https:\/\/nomadeculturale.com\/wp-content\/uploads\/2024\/01\/Vida-nocturna-en-Lisboa-en-una-ruta-de-3-dias-1536x1152.jpg 1536w, https:\/\/nomadeculturale.com\/wp-content\/uploads\/2024\/01\/Vida-nocturna-en-Lisboa-en-una-ruta-de-3-dias.jpg 1600w\" sizes=\"auto, (max-width: 1024px) 100vw, 1024px\" \/><\/figure>\n\n\n\n<p>La \u00faltima parada de este primer d\u00eda en Lisboa es el Bairro Alto.<\/p>\n\n\n\n<p>\u00bfPor qu\u00e9 visitarlo? Es la zona n\u00famero uno en Lisboa en cuanto a vida nocturna se refiere.<\/p>\n\n\n\n<p>Aqu\u00ed encontrar\u00e1s la mayor concentraci\u00f3n de bares de toda la ciudad.<\/p>\n\n\n\n<p>Si todav\u00eda no es de noche, te recomiendo hacer una parada en el mirador llamado \u201cMiradouro de S\u00e3o Pedro de Alc\u00e2ntara\u201d. Para llegar all\u00ed, toma el funicular \u201cElevador da Gl\u00f3ria,\u201d situado en Pra\u00e7a dos Restauradores.<\/p>\n\n\n\n<p>Luego, dir\u00edgete a la zona de bares de Bairro Alto.<\/p>\n\n\n\n<p><strong>\u00bfCu\u00e1les visitar?<\/strong> Hay much\u00edsimos bares. Para mencionar algunos que he probado y donde tuve una gran experiencia, te recomiendo:<\/p>\n\n\n\n<ul class=\"wp-block-list\">\n<li><strong>The Old Pharmacia<\/strong>: Un famoso wine bar, perfecto para quienes buscan un ambiente m\u00e1s tranquilo, ubicado en un local hist\u00f3rico que antiguamente fue una farmacia. Tambi\u00e9n sirven comida adem\u00e1s de vino. \ud83d\udccd<a href=\"https:\/\/maps.app.goo.gl\/KeyFa2u8h7522JbN8\" target=\"_blank\" rel=\"noreferrer noopener\">Maps<\/a><\/li>\n\n\n\n<li><strong>Bambar\u00e9 Bar<\/strong>: Un disco-pub con precios bastante accesibles y buena m\u00fasica. \ud83d\udccd<a href=\"https:\/\/maps.app.goo.gl\/Y7dcTiyHtFfrNQnE7\" target=\"_blank\" rel=\"noreferrer noopener\">Maps<\/a><\/li>\n\n\n\n<li><strong>Pavilh\u00e3o Chin\u00eas:<\/strong> Un bar-museo \u00fanico. En su interior parece que est\u00e1s en un peque\u00f1o museo lleno de miles de peque\u00f1as obras de arte como soldaditos de plomo, cer\u00e1mica, objetos antiguos y muchos m\u00e1s. Incluso hay obras colgadas en el techo. Los c\u00f3cteles no son espectaculares, pero la visita vale la pena por las fotos (mejor pide una cerveza). \ud83d\udccd<a href=\"https:\/\/maps.app.goo.gl\/fJFW7XGgF2TXfAMD9\" target=\"_blank\" rel=\"noreferrer noopener\">Maps<\/a><\/li>\n<\/ul>\n\n\n\n<h3 class=\"wp-block-heading\">D\u00eda 2: ruta por el Barrio de Bel\u00e9m<\/h3>\n\n\n\n<figure class=\"wp-block-image size-large\"><img loading=\"lazy\" decoding=\"async\" width=\"1024\" height=\"768\" src=\"https:\/\/nomadeculturale.com\/wp-content\/uploads\/2024\/01\/Que-ver-en-Lisboa-en-3-dias-ruta-del-dia-2-1024x768.jpg\" alt=\"Qu\u00e9 ver en Lisboa en 3 d\u00edas, ruta del d\u00eda 2\" class=\"wp-image-5688\" srcset=\"https:\/\/nomadeculturale.com\/wp-content\/uploads\/2024\/01\/Que-ver-en-Lisboa-en-3-dias-ruta-del-dia-2-1024x768.jpg 1024w, https:\/\/nomadeculturale.com\/wp-content\/uploads\/2024\/01\/Que-ver-en-Lisboa-en-3-dias-ruta-del-dia-2-300x225.jpg 300w, https:\/\/nomadeculturale.com\/wp-content\/uploads\/2024\/01\/Que-ver-en-Lisboa-en-3-dias-ruta-del-dia-2-768x576.jpg 768w, https:\/\/nomadeculturale.com\/wp-content\/uploads\/2024\/01\/Que-ver-en-Lisboa-en-3-dias-ruta-del-dia-2-1536x1152.jpg 1536w, https:\/\/nomadeculturale.com\/wp-content\/uploads\/2024\/01\/Que-ver-en-Lisboa-en-3-dias-ruta-del-dia-2.jpg 1600w\" sizes=\"auto, (max-width: 1024px) 100vw, 1024px\" \/><\/figure>\n\n\n\n<p>En este segundo d\u00eda visitamos el <a href=\"https:\/\/nomadeculturale.com\/es\/barrio-belem-lisboa-que-ver\/\" target=\"_blank\" data-type=\"post\" data-id=\"4794\" rel=\"noreferrer noopener\">barrio de Bel\u00e9m<\/a>, famoso por ser la cuna de la Era de los Descubrimientos que convirti\u00f3 a Portugal en una de las superpotencias mundiales durante el siglo XVI.<\/p>\n\n\n\n<p>Aqu\u00ed se encuentran muchas atracciones y monumentos relacionados con ese per\u00edodo y nuestro itinerario se centra precisamente en estos puntos de inter\u00e9s.<\/p>\n\n\n\n<p>He aqu\u00ed <strong>el mapa y el itinerario<\/strong> del segundo d\u00eda:<\/p>\n\n\n\n<iframe loading=\"lazy\" src=\"https:\/\/www.google.com\/maps\/d\/u\/0\/embed?mid=13w2gVXOQAx89BvNyIXMqvKoPRmshzB0&#038;ehbc=2E312F&#038;noprof=1\" width=\"640\" height=\"480\"><\/iframe>\n\n\n\n<ul class=\"wp-block-list\">\n<li>a) <strong>Monasterio de los Jer\u00f3nimos<\/strong><\/li>\n\n\n\n<li>b) <strong>Museo Berardo<\/strong><\/li>\n\n\n\n<li>c) <strong>Quake Earthquake Museum<\/strong><\/li>\n\n\n\n<li>d) <strong>Monumento a los Descubrimientos<\/strong><\/li>\n\n\n\n<li>e) <strong>Torre de Bel\u00e9m<\/strong><\/li>\n<\/ul>\n\n\n<style>.kadence-column4668_770fe4-cd > .kt-inside-inner-col{padding-top:var(--global-kb-spacing-xs, 1rem);padding-right:var(--global-kb-spacing-xs, 1rem);padding-bottom:var(--global-kb-spacing-xs, 1rem);padding-left:var(--global-kb-spacing-xs, 1rem);}.kadence-column4668_770fe4-cd > .kt-inside-inner-col,.kadence-column4668_770fe4-cd > .kt-inside-inner-col:before{border-top-left-radius:0px;border-top-right-radius:0px;border-bottom-right-radius:0px;border-bottom-left-radius:0px;}.kadence-column4668_770fe4-cd > .kt-inside-inner-col{column-gap:var(--global-kb-gap-sm, 1rem);}.kadence-column4668_770fe4-cd > .kt-inside-inner-col{flex-direction:column;}.kadence-column4668_770fe4-cd > .kt-inside-inner-col > .aligncenter{width:100%;}.kadence-column4668_770fe4-cd > .kt-inside-inner-col{background-color:rgba(255, 188, 64, 0.15);}.kadence-column4668_770fe4-cd > .kt-inside-inner-col:before{opacity:0.3;}.kadence-column4668_770fe4-cd{position:relative;}.kadence-column4668_770fe4-cd, .kt-inside-inner-col > .kadence-column4668_770fe4-cd:not(.specificity){margin-top:var(--global-kb-spacing-xxs, 0.5rem);margin-bottom:var(--global-kb-spacing-xs, 1rem);}@media all and (max-width: 1024px){.kadence-column4668_770fe4-cd > .kt-inside-inner-col{flex-direction:column;justify-content:center;}}@media all and (max-width: 767px){.kadence-column4668_770fe4-cd > .kt-inside-inner-col{flex-direction:column;justify-content:center;}}<\/style>\n<div class=\"wp-block-kadence-column kadence-column4668_770fe4-cd\"><div class=\"kt-inside-inner-col\">\n<p class=\"has-medium-font-size\"><strong>Consejo del N\u00f3mada<\/strong>: tambi\u00e9n para Bel\u00e9m te recomiendo un fant\u00e1stico <a href=\"https:\/\/www.civitatis.com\/es\/lisboa\/free-tour-belem\/?aid=13436&amp;cmp=nomade_lisboa_3dias_post\" target=\"_blank\" rel=\"noreferrer noopener nofollow\"><strong>free tour en espa\u00f1ol<\/strong><\/a>.<\/p>\n\n\n\n<p>Dura aproximadamente 2 horas y 30 minutos y te permitir\u00e1 descubrir much\u00edsimas curiosidades sobre el barrio c\u00e9lebre por los exploradores y la Era de los Descubrimientos.<\/p>\n\n\n\n<p class=\"has-medium-font-size\"><a href=\"https:\/\/www.civitatis.com\/es\/lisboa\/free-tour-belem\/?aid=13436&amp;cmp=nomade_lisboa_3dias_post\" target=\"_blank\" rel=\"noreferrer noopener nofollow\"><strong>Puedes reservarlo gratis en este sitio<\/strong><\/a><\/p>\n<\/div><\/div>\n\n\n\n<h4 class=\"wp-block-heading\"><strong>Monasterio de los Jer\u00f3nimos<\/strong><\/h4>\n\n\n\n<figure class=\"wp-block-image size-large\"><img loading=\"lazy\" decoding=\"async\" width=\"1024\" height=\"768\" src=\"https:\/\/nomadeculturale.com\/wp-content\/uploads\/2024\/01\/Monasterio-de-los-jeronimos-1024x768.jpg\" alt=\"Monasterio de los jeronimos\" class=\"wp-image-5676\" srcset=\"https:\/\/nomadeculturale.com\/wp-content\/uploads\/2024\/01\/Monasterio-de-los-jeronimos-1024x768.jpg 1024w, https:\/\/nomadeculturale.com\/wp-content\/uploads\/2024\/01\/Monasterio-de-los-jeronimos-300x225.jpg 300w, https:\/\/nomadeculturale.com\/wp-content\/uploads\/2024\/01\/Monasterio-de-los-jeronimos-768x576.jpg 768w, https:\/\/nomadeculturale.com\/wp-content\/uploads\/2024\/01\/Monasterio-de-los-jeronimos-1536x1152.jpg 1536w, https:\/\/nomadeculturale.com\/wp-content\/uploads\/2024\/01\/Monasterio-de-los-jeronimos.jpg 1600w\" sizes=\"auto, (max-width: 1024px) 100vw, 1024px\" \/><\/figure>\n\n\n\n<p>La primera parada de este segundo d\u00eda en Lisboa es la <strong>atracci\u00f3n m\u00e1s importante para visitar en la ciudad<\/strong>.<\/p>\n\n\n\n<p>El monumental <strong><a href=\"https:\/\/www.getyourguide.es\/lisboa-l42\/belem-monasterio-de-los-jeronimos-ticket-de-entrada-t131169\/?partner_id=KC753P7&amp;utm_medium=online_publisher&amp;cmp=nomade_lisboa_3dias_post\" target=\"_blank\" rel=\"noreferrer noopener nofollow\">Monasterio de los Jer\u00f3nimos<\/a><\/strong> es una obra maestra arquitect\u00f3nica y un s\u00edmbolo de uno de los per\u00edodos m\u00e1s pr\u00f3speros de la historia del pa\u00eds.<\/p>\n\n\n\n<p>El Monasterio fue construido a partir de <strong>1502<\/strong> por orden del Rey Don Manuel I y fue dedicado a San Jer\u00f3nimo, protector de los marineros.<\/p>\n\n\n\n<p>Su estilo arquitect\u00f3nico, el <strong>manuelino<\/strong>, combina elementos renacentistas, g\u00f3ticos y moriscos y fue edificado para celebrar el descubrimiento de una <strong>ruta a las Indias por Vasco da Gama<\/strong>.<\/p>\n\n\n\n<p>\u00bfQu\u00e9 ver en este maravilloso monasterio? Aqu\u00ed algunos de los elementos que m\u00e1s me impresionaron durante mis visitas:<\/p>\n\n\n\n<ul class=\"wp-block-list\">\n<li><strong>Portales Principales:<\/strong> El Monasterio presenta dos portales principales: el portal de entrada, realizado por Nicolau Chanterenne en 1517, y el portal Sur, de mayores dimensiones con la figura central de Nuestra Se\u00f1ora de Bel\u00e9m.<\/li>\n\n\n\n<li><strong>Iglesia de Santa Mar\u00eda:<\/strong> Situada junto al Monasterio, es un ejemplo importante de arquitectura g\u00f3tica portuguesa y guarda los restos de Lu\u00eds Vaz de Cam\u00f5es y Vasco de Gama.<\/li>\n\n\n\n<li><strong>Claustro del Monasterio:<\/strong> Una estructura cuadrada de 55 metros por lado, considerada uno de los claustros m\u00e1s hermosos de Europa.<\/li>\n\n\n\n<li><strong>El Refectorio:<\/strong> Una amplia \u00e1rea con b\u00f3veda de nervaduras y paredes decoradas con hermosos azulejos con motivos religiosos.<\/li>\n<\/ul>\n\n\n\n<p><strong>Consejo<\/strong>: Es una de las atracciones m\u00e1s visitadas de Portugal. Por este motivo, te recomiendo encarecidamente <a href=\"https:\/\/www.getyourguide.es\/lisboa-l42\/belem-monasterio-de-los-jeronimos-ticket-de-entrada-t131169\/?partner_id=KC753P7&amp;utm_medium=online_publisher&amp;cmp=nomade_lisboa_3dias_post\" target=\"_blank\" rel=\"noreferrer noopener nofollow\"><strong>comprar la entrada \u00absin colas\u00bb<\/strong><\/a> directamente online.<\/p>\n\n\n\n<p><strong>Informaci\u00f3n \u00fatil para visitar el monasterio:<\/strong><\/p>\n\n\n\n<ul class=\"wp-block-list\">\n<li>\ud83c\udf9f\ufe0f <strong>Entradas<\/strong>: 18\u20ac. <a href=\"https:\/\/www.getyourguide.es\/lisboa-l42\/belem-monasterio-de-los-jeronimos-ticket-de-entrada-t131169\/?partner_id=KC753P7&amp;utm_medium=online_publisher&amp;cmp=nomade_lisboa_3dias_post\" target=\"_blank\" rel=\"noreferrer noopener nofollow\"><strong>Aqu\u00ed encuentras las entradas sin colas<\/strong><\/a>.<\/li>\n\n\n\n<li>\ud83d\udd52 <strong>Horarios<\/strong>: 9:30-18:00.<\/li>\n\n\n\n<li>\ud83d\udccd<strong>Ubicaci\u00f3n<\/strong>: Pra\u00e7a do Imp\u00e9rio. <a href=\"https:\/\/maps.app.goo.gl\/tTJnnbLdSejPkNPD7\" target=\"_blank\" rel=\"noreferrer noopener\">Maps<\/a><\/li>\n<\/ul>\n\n\n\n<h4 class=\"wp-block-heading\"><strong>Museo MAC-CCB<\/strong><\/h4>\n\n\n\n<p><em>\u00bfQu\u00e9 ver en Lisboa en 3 d\u00edas?<\/em><\/p>\n\n\n\n<p>A poca distancia del monasterio, encontramos el <strong>Centro Cultural de Bel\u00e9m, que alberga el Museo Berardo<\/strong> (aunque ahora ha cambiado de nombre).<\/p>\n\n\n\n<p>Fundado en 2007, el Museo Berardo es el principal museo de arte contempor\u00e1neo de Portugal.<\/p>\n\n\n\n<p>Su colecci\u00f3n se debe a Joe Berardo, un magnate portugu\u00e9s que a lo largo de su vida ha recopilado obras por cientos de millones de euros.<\/p>\n\n\n\n<p>Estas obras han sido prestadas al centro cultural, que las ha convertido en un museo.<\/p>\n\n\n\n<p>Entre las obras m\u00e1s significativas encontramos, por ejemplo, \u00abJudy Garland\u00bb de Andy Warhol, adem\u00e1s de varias obras del cubismo, surrealismo, dada\u00edsmo y neoplasticismo.<\/p>\n\n\n\n<p>Todo est\u00e1 organizado de manera cronol\u00f3gica y la visita fue super interesante para m\u00ed.<\/p>\n\n\n\n<ul class=\"wp-block-list\">\n<li>\ud83c\udf9f\ufe0f <strong>Entradas<\/strong>: 12\u20ac adultos \/ 7\u20ac estudiantes con carnet \/ 6\u20ac 7-18 a\u00f1os \/ gratis 0-6 a\u00f1os<\/li>\n\n\n\n<li>\ud83d\udd52 <strong>Horarios<\/strong>: martes-domingo, 10:00-19:00 (\u00faltima entrada 18:30)<\/li>\n\n\n\n<li>\ud83d\udccd<strong>D\u00f3nde se encuentra<\/strong>: Pra\u00e7a do Imp\u00e9rio (<a href=\"https:\/\/maps.app.goo.gl\/29n5fv4UvmHJaoB49\" target=\"_blank\" rel=\"noreferrer noopener\">indicaciones<\/a>)<\/li>\n<\/ul>\n\n\n\n<h4 class=\"wp-block-heading\"><strong>Quake Earthquake Museum<\/strong><\/h4>\n\n\n\n<p><em>\u00bfQu\u00e9 hacer en Lisboa en 3 d\u00edas?<\/em><\/p>\n\n\n\n<p>Un museo que me impresion\u00f3 particularmente en mi \u00faltima visita a Lisboa es el <strong>Quake Earthquake Museum<\/strong>.<\/p>\n\n\n\n<p>\u00bfDe qu\u00e9 se trata? De un <strong>museo enteramente dedicado a los terremotos<\/strong>, y en particular al sismo de 1755.<\/p>\n\n\n\n<p>En el siglo XVIII, Lisboa era una de las ciudades m\u00e1s ricas e influyentes del mundo, gracias al comercio de ultramar y a sus colonias sudamericanas, asi\u00e1ticas y africanas.<\/p>\n\n\n\n<p>Sin embargo, el 1 de noviembre de <strong>1755<\/strong>, la ciudad fue <strong>golpeada por un devastador terremoto de magnitud 8.0<\/strong>, seguido de un tsunami que arras\u00f3 gran parte de la ciudad y mat\u00f3 al 30% de la poblaci\u00f3n.<\/p>\n\n\n\n<p>El museo me permiti\u00f3 entender primero c\u00f3mo funcionan realmente los terremotos y luego me hizo <strong>revivir en primera persona<\/strong> el gran sismo de 1775, incluso a trav\u00e9s de una reproducci\u00f3n super realista.<\/p>\n\n\n\n<ul class=\"wp-block-list\">\n<li>\ud83c\udf9f\ufe0f <strong>Entradas<\/strong>: 25,50\u20ac adultos \/ 18\u20ac 6-12 a\u00f1os \/ 20,50\u20ac mayores de 65 a\u00f1os.<\/li>\n\n\n\n<li>\ud83d\udd52 <strong>Horarios<\/strong>: diariamente 10:00-18:00.<\/li>\n\n\n\n<li>\ud83d\udccd<strong>Ubicaci\u00f3n<\/strong>: R. Cais de Alf\u00e2ndega Velha 39. <a href=\"https:\/\/maps.app.goo.gl\/TQQUJ9uziFjVFq6TA\" target=\"_blank\" rel=\"noreferrer noopener\">Maps<\/a><\/li>\n<\/ul>\n\n\n\n<h4 class=\"wp-block-heading\"><strong>Monumento a los Descubrimientos<\/strong><\/h4>\n\n\n\n<figure class=\"wp-block-image size-large\"><img loading=\"lazy\" decoding=\"async\" width=\"1024\" height=\"768\" src=\"https:\/\/nomadeculturale.com\/wp-content\/uploads\/2024\/01\/Monumento-a-los-Descubrimientos-en-Lisboa-en-3-dias-1024x768.jpg\" alt=\"Monumento a los Descubrimientos, en Lisboa en 3 dias\" class=\"wp-image-5679\" srcset=\"https:\/\/nomadeculturale.com\/wp-content\/uploads\/2024\/01\/Monumento-a-los-Descubrimientos-en-Lisboa-en-3-dias-1024x768.jpg 1024w, https:\/\/nomadeculturale.com\/wp-content\/uploads\/2024\/01\/Monumento-a-los-Descubrimientos-en-Lisboa-en-3-dias-300x225.jpg 300w, https:\/\/nomadeculturale.com\/wp-content\/uploads\/2024\/01\/Monumento-a-los-Descubrimientos-en-Lisboa-en-3-dias-768x576.jpg 768w, https:\/\/nomadeculturale.com\/wp-content\/uploads\/2024\/01\/Monumento-a-los-Descubrimientos-en-Lisboa-en-3-dias-1536x1152.jpg 1536w, https:\/\/nomadeculturale.com\/wp-content\/uploads\/2024\/01\/Monumento-a-los-Descubrimientos-en-Lisboa-en-3-dias.jpg 1600w\" sizes=\"auto, (max-width: 1024px) 100vw, 1024px\" \/><\/figure>\n\n\n\n<p><em>\u00bfQu\u00e9 m\u00e1s hay que ver en Lisboa en 3 d\u00edas?<\/em><\/p>\n\n\n\n<p>Continuamos nuestro recorrido por Bel\u00e9m, tomando algunas fotos al enorme monumento situado en la ribera del r\u00edo, conocido como Padr\u00e3o dos Descobrimentos.<\/p>\n\n\n\n<p>\u00bfDe qu\u00e9 se trata? Es una gran estructura de piedra construida en 1960 para conmemorar el quinto centenario de la muerte de Enrique el Navegante.<\/p>\n\n\n\n<p>El monumento representa una gran carabela, en cuya proa se encuentran las esculturas de los h\u00e9roes m\u00e1s importantes de la Era de los Descubrimientos. El primero es Enrique el Navegante, seguido por otros personajes como Vasco da Gama.<\/p>\n\n\n\n<p>Tambi\u00e9n es posible acceder al interior y subir a la terraza panor\u00e1mica, si lo deseas; de lo contrario, toma algunas fotos y luego recorre el paseo mar\u00edtimo cuesta abajo hasta nuestra pr\u00f3xima atracci\u00f3n.<\/p>\n\n\n\n<ul class=\"wp-block-list\">\n<li>\ud83c\udf9f\ufe0f <strong>Entradas<\/strong>: 10\u20ac adultos \/ 8,50\u20ac mayores de 65 \/ 5\u20ac 13-25 a\u00f1os<\/li>\n\n\n\n<li>\ud83d\udd52 <strong>Horarios<\/strong>: 10:00-19:00<\/li>\n\n\n\n<li>\ud83d\udccd<strong>Ubicaci\u00f3n<\/strong>: Av. Bras\u00edlia. <a href=\"https:\/\/maps.app.goo.gl\/3cHaqm7B5b8RRw8b7\" target=\"_blank\" rel=\"noreferrer noopener\">Maps<\/a><\/li>\n<\/ul>\n\n\n\n<h4 class=\"wp-block-heading\"><strong>Torre de Bel\u00e9m<\/strong><\/h4>\n\n\n\n<p>La siguiente parada es probablemente el monumento m\u00e1s fotografiado y representativo de Lisboa.<\/p>\n\n\n\n<p>La gran torre defensiva es conocida como \u00abTorre de Bel\u00e9m\u00bb.<\/p>\n\n\n\n<p>La Torre fue ideada por el rey Jo\u00e3o II en 1490 y completada por su hijo, el rey Manuel I, entre 1514 y 1519.<\/p>\n\n\n\n<p>Inicialmente dedicada a San Vicente, serv\u00eda como torre de defensa y control del tr\u00e1fico naval a lo largo del Tajo. Despu\u00e9s de la invasi\u00f3n espa\u00f1ola de 1580, los pisos inferiores se utilizaron como prisi\u00f3n pol\u00edtica.<\/p>\n\n\n\n<p>Durante la visita descubr\u00ed que la torre est\u00e1 dividida en cuatro plantas, con una terraza panor\u00e1mica accesible a trav\u00e9s de una estrecha escalera de caracol.<\/p>\n\n\n\n<p>En el interior no hay much\u00edsimo que ver, excepto algunas salas como la sala do governador, la sala dos reis, la capilla y el aula para las audiencias.<\/p>\n\n\n\n<p>La parte m\u00e1s interesante fue sin duda fotografiar el exterior y subir a la terraza panor\u00e1mica, que considero una de las m\u00e1s bonitas de Lisboa.<\/p>\n\n\n\n<p><strong>Consejo del N\u00f3mada:<\/strong> Hay muchas escaleras durante la visita a la Torre, as\u00ed que es importante llevar zapatos c\u00f3modos y antideslizantes.*<\/p>\n\n\n\n<p><em>Adem\u00e1s, al igual que el Monasterio de los Jer\u00f3nimos, la Torre de Bel\u00e9m es una de las atracciones m\u00e1s visitadas de Portugal. Para evitar largas esperas te aconsejo <a href=\"https:\/\/www.getyourguide.es\/torre-de-belem-l3590\/lisboa-ticket-de-entrada-a-la-torre-de-belem-t137750\/?partner_id=KC753P7&amp;utm_medium=online_publisher&amp;cmp=nomade_lisboa_3dias_post\" target=\"_blank\" rel=\"noreferrer noopener nofollow\"><strong>comprar la entrada online<\/strong><\/a>.<\/em><\/p>\n\n\n\n<p><strong>Informaci\u00f3n pr\u00e1ctica para visitar la torre:<\/strong><\/p>\n\n\n\n<ul class=\"wp-block-list\">\n<li>\ud83c\udf9f\ufe0f <strong>Entradas<\/strong>: 15\u20ac adultos \/ gratis 0-11 a\u00f1os. <a href=\"https:\/\/www.getyourguide.es\/torre-de-belem-l3590\/lisboa-ticket-de-entrada-a-la-torre-de-belem-t137750\/?partner_id=KC753P7&amp;utm_medium=online_publisher&amp;cmp=nomade_lisboa_3dias_post\" target=\"_blank\" rel=\"noreferrer noopener nofollow\"><strong>Aqu\u00ed encuentras las entradas sin colas<\/strong><\/a>.<\/li>\n\n\n\n<li>\ud83d\udd52 <strong>Horarios<\/strong>: martes-domingo 10:00-17:30.<\/li>\n\n\n\n<li>\ud83d\udccd<strong>Ubicaci\u00f3n<\/strong>: Av. Bras\u00edlia. <a href=\"https:\/\/maps.app.goo.gl\/ZR3kdKsmAa6hV5Bw7\" target=\"_blank\" rel=\"noopener\">Maps<\/a><\/li>\n<\/ul>\n\n\n\n<h3 class=\"wp-block-heading\">D\u00eda 3: Alfama y Alc\u00e2ntara<\/h3>\n\n\n\n<figure class=\"wp-block-image size-large\"><img loading=\"lazy\" decoding=\"async\" width=\"1024\" height=\"768\" src=\"https:\/\/nomadeculturale.com\/wp-content\/uploads\/2024\/01\/Que-ver-en-Lisboa-en-3-dias-ruta-del-dia-3-1024x768.jpg\" alt=\"Qu\u00e9 ver en Lisboa en 3 d\u00edas, ruta del d\u00eda 3\" class=\"wp-image-5691\" srcset=\"https:\/\/nomadeculturale.com\/wp-content\/uploads\/2024\/01\/Que-ver-en-Lisboa-en-3-dias-ruta-del-dia-3-1024x768.jpg 1024w, https:\/\/nomadeculturale.com\/wp-content\/uploads\/2024\/01\/Que-ver-en-Lisboa-en-3-dias-ruta-del-dia-3-300x225.jpg 300w, https:\/\/nomadeculturale.com\/wp-content\/uploads\/2024\/01\/Que-ver-en-Lisboa-en-3-dias-ruta-del-dia-3-768x576.jpg 768w, https:\/\/nomadeculturale.com\/wp-content\/uploads\/2024\/01\/Que-ver-en-Lisboa-en-3-dias-ruta-del-dia-3-1536x1152.jpg 1536w, https:\/\/nomadeculturale.com\/wp-content\/uploads\/2024\/01\/Que-ver-en-Lisboa-en-3-dias-ruta-del-dia-3.jpg 1600w\" sizes=\"auto, (max-width: 1024px) 100vw, 1024px\" \/><\/figure>\n\n\n\n<p>Para nuestro \u00faltimo d\u00eda en Lisboa nos centraremos en 2 barrios. <a href=\"https:\/\/nomadeculturale.com\/es\/barrio-alfama-lisboa-que-ver\/\" target=\"_blank\" data-type=\"post\" data-id=\"4801\" rel=\"noreferrer noopener\">Alfama<\/a>, el barrio m\u00e1s tradicional y antiguo de Lisboa, y <a href=\"https:\/\/nomadeculturale.com\/es\/barrio-alcantara-lisboa-que-ver\/\" target=\"_blank\" data-type=\"post\" data-id=\"4812\" rel=\"noreferrer noopener\">Alc\u00e2ntara<\/a>, el barrio del Puente 25 de Abril y de la Lx Factory.<\/p>\n\n\n\n<p>Aqu\u00ed est\u00e1 el mapa y las paradas del itinerario de hoy:<\/p>\n\n\n\n<iframe loading=\"lazy\" src=\"https:\/\/www.google.com\/maps\/d\/u\/0\/embed?mid=1EFcHiCTgZkhDS4n1WRdXDwY1YiRhIWk&#038;ehbc=2E312F&#038;noprof=1\" width=\"640\" height=\"480\"><\/iframe>\n\n\n\n<ul class=\"wp-block-list\">\n<li>a) <strong>Tranv\u00eda 28 (Campo de Ourique)<\/strong><\/li>\n\n\n\n<li>b) <strong>Miradouro de Santa Luzia<\/strong><\/li>\n\n\n\n<li>c) <strong>Castillo de San Jorge<\/strong><\/li>\n\n\n\n<li>d) <strong>Museu Nacional de Arte Antiga<\/strong><\/li>\n\n\n\n<li>e) <strong>Lx Factory<\/strong><\/li>\n\n\n\n<li>f) <strong>Timeout Market<\/strong><\/li>\n\n\n\n<li>g) <strong>Pink Street<\/strong><\/li>\n<\/ul>\n\n\n<style>.kadence-column4668_dcb6b3-62 > .kt-inside-inner-col{padding-top:var(--global-kb-spacing-xs, 1rem);padding-right:var(--global-kb-spacing-xs, 1rem);padding-bottom:var(--global-kb-spacing-xs, 1rem);padding-left:var(--global-kb-spacing-xs, 1rem);}.kadence-column4668_dcb6b3-62 > .kt-inside-inner-col,.kadence-column4668_dcb6b3-62 > .kt-inside-inner-col:before{border-top-left-radius:0px;border-top-right-radius:0px;border-bottom-right-radius:0px;border-bottom-left-radius:0px;}.kadence-column4668_dcb6b3-62 > .kt-inside-inner-col{column-gap:var(--global-kb-gap-sm, 1rem);}.kadence-column4668_dcb6b3-62 > .kt-inside-inner-col{flex-direction:column;}.kadence-column4668_dcb6b3-62 > .kt-inside-inner-col > .aligncenter{width:100%;}.kadence-column4668_dcb6b3-62 > .kt-inside-inner-col{background-color:rgba(255, 188, 64, 0.15);}.kadence-column4668_dcb6b3-62 > .kt-inside-inner-col:before{opacity:0.3;}.kadence-column4668_dcb6b3-62{position:relative;}.kadence-column4668_dcb6b3-62, .kt-inside-inner-col > .kadence-column4668_dcb6b3-62:not(.specificity){margin-top:var(--global-kb-spacing-xxs, 0.5rem);margin-bottom:var(--global-kb-spacing-xs, 1rem);}@media all and (max-width: 1024px){.kadence-column4668_dcb6b3-62 > .kt-inside-inner-col{flex-direction:column;justify-content:center;}}@media all and (max-width: 767px){.kadence-column4668_dcb6b3-62 > .kt-inside-inner-col{flex-direction:column;justify-content:center;}}<\/style>\n<div class=\"wp-block-kadence-column kadence-column4668_dcb6b3-62\"><div class=\"kt-inside-inner-col\">\n<p class=\"has-medium-font-size\"><em><strong>Consejo del N\u00f3mada<\/strong>: \u00bfQuieres saber si hay un free tour tambi\u00e9n para esta zona? S\u00ed, hay <a href=\"https:\/\/www.civitatis.com\/es\/lisboa\/free-tour-barrio-alfama\/?aid=13436&amp;cmp=nomade_lisboa_3dias_post\" target=\"_blank\" rel=\"noreferrer noopener nofollow\"><strong>uno para Alfama<\/strong><\/a>, el barrio m\u00e1s antiguo de Lisboa.<\/em><\/p>\n\n\n\n<p class=\"has-medium-font-size\"><em>Este free tour tambi\u00e9n se realiza en espa\u00f1ol, dura aproximadamente 2 horas y 30 minutos y se puede <a href=\"https:\/\/www.civitatis.com\/es\/lisboa\/free-tour-barrio-alfama\/?aid=13436&amp;cmp=nomade_lisboa_3dias_post\" target=\"_blank\" rel=\"noreferrer noopener nofollow\"><strong>reservar gratuitamente en este sitio<\/strong><\/a>.<\/em><\/p>\n<\/div><\/div>\n\n\n\n<h4 class=\"wp-block-heading\"><strong>Campo Ourique y Tranv\u00eda 28<\/strong><\/h4>\n\n\n\n<figure class=\"wp-block-image size-large\"><img loading=\"lazy\" decoding=\"async\" width=\"1024\" height=\"768\" src=\"https:\/\/nomadeculturale.com\/wp-content\/uploads\/2024\/01\/Tranvia-28-en-Lisboa-1024x768.jpg\" alt=\"Tranv\u00eda 28 en Lisboa\" class=\"wp-image-5703\" srcset=\"https:\/\/nomadeculturale.com\/wp-content\/uploads\/2024\/01\/Tranvia-28-en-Lisboa-1024x768.jpg 1024w, https:\/\/nomadeculturale.com\/wp-content\/uploads\/2024\/01\/Tranvia-28-en-Lisboa-300x225.jpg 300w, https:\/\/nomadeculturale.com\/wp-content\/uploads\/2024\/01\/Tranvia-28-en-Lisboa-768x576.jpg 768w, https:\/\/nomadeculturale.com\/wp-content\/uploads\/2024\/01\/Tranvia-28-en-Lisboa-1536x1152.jpg 1536w, https:\/\/nomadeculturale.com\/wp-content\/uploads\/2024\/01\/Tranvia-28-en-Lisboa.jpg 1600w\" sizes=\"auto, (max-width: 1024px) 100vw, 1024px\" \/><\/figure>\n\n\n\n<p>\u00bfQu\u00e9 hacer en Lisboa en 3 d\u00edas? Para el tercer d\u00eda he pensado en comenzar con uno de los s\u00edmbolos de Lisboa: <strong>el Tranv\u00eda 28<\/strong>.<\/p>\n\n\n\n<p>Para quien no lo sepa, se trata de un ic\u00f3nico tranv\u00eda \u00ab<strong>remodelado<\/strong>\u00ab, que data de 1914, introducido al principio para <strong>sustituir los carros de caballos<\/strong> que recorr\u00edan algunas calles muy empinadas y dif\u00edciles de afrontar para otros medios.<\/p>\n\n\n\n<p>El tranv\u00eda sigue formando parte de la <strong>Carris<\/strong> (transporte p\u00fablico de Lisboa).<\/p>\n\n\n\n<p>Pero tal vez te est\u00e9s preguntando \u00ab\u00bfpor qu\u00e9 un simple tranv\u00eda es tan c\u00e9lebre como para ser considerado una atracci\u00f3n?\u00bb<\/p>\n\n\n\n<p>Las razones son m\u00faltiples. La primera es sin duda el hecho de que <strong>se trata de un tranv\u00eda vintage<\/strong>. Pero la segunda y m\u00e1s importante es <strong>su recorrido cuanto menos espectacular<\/strong>.<\/p>\n\n\n\n<p>El Tranv\u00eda 28 de hecho recorre <strong>7 km de trayecto<\/strong>, entre los barrios hist\u00f3ricos m\u00e1s importantes de la ciudad, regalando varias vistas que quitan el aliento.<\/p>\n\n\n\n<p>Con subidas y bajadas empinadas, curvas estrech\u00edsimas, y momentos en los que las calles son tan estrechas que es posible tocar los edificios asom\u00e1ndose por las ventanas del tranv\u00eda.<\/p>\n\n\n\n<p><strong>Consejo del N\u00f3mada<\/strong>: toma el Tranv\u00eda 28 en una de sus dos terminales. Para seguir al pie de la letra mi itinerario, toma el tranv\u00eda en Campo de Ourique (Prazeres).<\/p>\n\n\n\n<ul class=\"wp-block-list\">\n<li>\ud83c\udf9f\ufe0f <strong>Billetes<\/strong>: el viaje cuesta 3,10\u20ac.<\/li>\n\n\n\n<li>\ud83d\udd52 <strong>Horarios<\/strong>: diariamente 6:00-22:30.<\/li>\n\n\n\n<li>\ud83d\udccd<strong>Ubicaci\u00f3n<\/strong>: terminal Campo de Ourique. <a href=\"https:\/\/maps.app.goo.gl\/djEf1Q2bBVLowbuV6\" target=\"_blank\" rel=\"noreferrer noopener\">Maps<\/a><\/li>\n<\/ul>\n\n\n\n<h4 class=\"wp-block-heading\"><strong>Miradouro de Santa Luzia<\/strong><\/h4>\n\n\n\n<figure class=\"wp-block-image size-large\"><img loading=\"lazy\" decoding=\"async\" width=\"1024\" height=\"768\" src=\"https:\/\/nomadeculturale.com\/wp-content\/uploads\/2024\/01\/Mirador-de-Santa-Luzia-en-Lisboa-1024x768.jpg\" alt=\"Mirador de Santa Luzia en Lisboa\" class=\"wp-image-5673\" srcset=\"https:\/\/nomadeculturale.com\/wp-content\/uploads\/2024\/01\/Mirador-de-Santa-Luzia-en-Lisboa-1024x768.jpg 1024w, https:\/\/nomadeculturale.com\/wp-content\/uploads\/2024\/01\/Mirador-de-Santa-Luzia-en-Lisboa-300x225.jpg 300w, https:\/\/nomadeculturale.com\/wp-content\/uploads\/2024\/01\/Mirador-de-Santa-Luzia-en-Lisboa-768x576.jpg 768w, https:\/\/nomadeculturale.com\/wp-content\/uploads\/2024\/01\/Mirador-de-Santa-Luzia-en-Lisboa-1536x1152.jpg 1536w, https:\/\/nomadeculturale.com\/wp-content\/uploads\/2024\/01\/Mirador-de-Santa-Luzia-en-Lisboa.jpg 1600w\" sizes=\"auto, (max-width: 1024px) 100vw, 1024px\" \/><\/figure>\n\n\n\n<p>Despu\u00e9s de atravesar casi todo el centro de Lisboa (casi al final del recorrido), encontrar\u00e1s la <strong>parada Sta. Luzia<\/strong>.<\/p>\n\n\n\n<p>Es aqu\u00ed donde deber\u00e1s bajar para continuar hacia <strong>la siguiente parada<\/strong>.<\/p>\n\n\n\n<p>\u00bfDe qu\u00e9 atracci\u00f3n estoy hablando? Del <strong>Miradouro de Santa Luzia<\/strong>. Una de las much\u00edsimas terrazas panor\u00e1micas de Lisboa y la que para m\u00ed es la m\u00e1s fascinante y rom\u00e1ntica.<\/p>\n\n\n\n<p>Esta terraza panor\u00e1mica se encuentra en Alfama y ofrece una <strong>vista sugestiva sobre el centro y el r\u00edo Tajo<\/strong>.<\/p>\n\n\n\n<p>Su p\u00e9rgola cubierta de buganvillas crea adem\u00e1s una atm\u00f3sfera rom\u00e1ntica. A menudo aqu\u00ed encuentras fot\u00f3grafos, artistas e incluso cantantes de fado que se presentan en p\u00fablico.<\/p>\n\n\n<style>.kadence-column4668_0bd1dd-e8 > .kt-inside-inner-col{padding-top:var(--global-kb-spacing-xs, 1rem);padding-right:var(--global-kb-spacing-xs, 1rem);padding-bottom:var(--global-kb-spacing-xs, 1rem);padding-left:var(--global-kb-spacing-xs, 1rem);}.kadence-column4668_0bd1dd-e8 > .kt-inside-inner-col,.kadence-column4668_0bd1dd-e8 > .kt-inside-inner-col:before{border-top-left-radius:0px;border-top-right-radius:0px;border-bottom-right-radius:0px;border-bottom-left-radius:0px;}.kadence-column4668_0bd1dd-e8 > .kt-inside-inner-col{column-gap:var(--global-kb-gap-sm, 1rem);}.kadence-column4668_0bd1dd-e8 > .kt-inside-inner-col{flex-direction:column;}.kadence-column4668_0bd1dd-e8 > .kt-inside-inner-col > .aligncenter{width:100%;}.kadence-column4668_0bd1dd-e8 > .kt-inside-inner-col{background-color:rgba(255, 188, 64, 0.15);}.kadence-column4668_0bd1dd-e8 > .kt-inside-inner-col:before{opacity:0.3;}.kadence-column4668_0bd1dd-e8{position:relative;}.kadence-column4668_0bd1dd-e8, .kt-inside-inner-col > .kadence-column4668_0bd1dd-e8:not(.specificity){margin-top:var(--global-kb-spacing-xxs, 0.5rem);margin-bottom:var(--global-kb-spacing-xs, 1rem);}@media all and (max-width: 1024px){.kadence-column4668_0bd1dd-e8 > .kt-inside-inner-col{flex-direction:column;justify-content:center;}}@media all and (max-width: 767px){.kadence-column4668_0bd1dd-e8 > .kt-inside-inner-col{flex-direction:column;justify-content:center;}}<\/style>\n<div class=\"wp-block-kadence-column kadence-column4668_0bd1dd-e8\"><div class=\"kt-inside-inner-col\">\n<p class=\"has-medium-font-size\"><em><strong>Consejo del N\u00f3mada<\/strong>: si eres un poco como yo, y te encanta descubrir la cultura y la historia de una ciudad, quiz\u00e1s haciendo largas caminatas, te recomiendo absolutamente que participes en uno de estos free tours que se pueden reservar gratuitamente:<\/em><\/p>\n<\/div><\/div>\n\n\n\n<h4 class=\"wp-block-heading\"><strong>Castillo de San Jorge<\/strong><\/h4>\n\n\n\n<p>A pocos pasos del miradouro (despu\u00e9s de una fatigosa subida), encontramos nuestra siguiente parada.<\/p>\n\n\n\n<p>El <a href=\"https:\/\/www.getyourguide.es\/lisboa-l42\/lisboa-ticket-electronico-y-audioguia-del-castillo-de-san-jorge-t424720\/?partner_id=KC753P7&amp;utm_medium=online_publisher&amp;cmp=nomade_lisboa_3dias_post\" target=\"_blank\" rel=\"noreferrer noopener nofollow\"><strong>Castillo de San Jorge<\/strong><\/a> es una de las atracciones m\u00e1s importantes e hist\u00f3ricas de Lisboa, situado en la cima de la colina del barrio de Alfama.<\/p>\n\n\n\n<p>Los or\u00edgenes del castillo son muy antiguos; las primeras construcciones datan del siglo I a.C., aunque un verdadero castillo y una muralla se construyeron solo gracias a los moros.<\/p>\n\n\n\n<p>Desde <strong>1147<\/strong>, a\u00f1o en que los cristianos reconquistaron Lisboa, el castillo se convirti\u00f3 en el palacio real hasta la construcci\u00f3n del Palacio Ribeira.<\/p>\n\n\n\n<p><strong>\u00bfPero qu\u00e9 ver en su interior?<\/strong><\/p>\n\n\n\n<p>El palacio incluye varias \u00e1reas, entre las cuales las m\u00e1s interesantes seg\u00fan mi experiencia son:<\/p>\n\n\n\n<ul class=\"wp-block-list\">\n<li><strong>C\u00e1mara Oscura del Castillo de San Jorge:<\/strong> La Torre de Ulises alberga un sistema \u00f3ptico de lentes y espejos que permite observar Lisboa desde lo alto.<\/li>\n\n\n\n<li><strong>Yacimiento Arqueol\u00f3gico:<\/strong> Aqu\u00ed es posible admirar los restos de tres \u00e9pocas hist\u00f3ricas; las m\u00e1s antiguas se remontan al siglo VII a.C.<\/li>\n\n\n\n<li><strong>Mirador:<\/strong> Desde aqu\u00ed podr\u00e1s tener una vista panor\u00e1mica de Lisboa, realmente impresionante, especialmente si consigues visitar el Castillo antes del atardecer.<\/li>\n<\/ul>\n\n\n\n<p><strong>Informaci\u00f3n para la visita:<\/strong><\/p>\n\n\n\n<ul class=\"wp-block-list\">\n<li>\ud83c\udf9f\ufe0f <strong>Entradas<\/strong>: 15\u20ac adultos \/ 12,50\u20ac mayores de 65 \/ 7,50\u20ac 13-25 \/ gratis 0-12. <a href=\"https:\/\/www.getyourguide.es\/lisboa-l42\/lisboa-ticket-electronico-y-audioguia-del-castillo-de-san-jorge-t424720\/?partner_id=KC753P7&amp;utm_medium=online_publisher&amp;cmp=nomade_lisboa_3dias_post\" target=\"_blank\" rel=\"noreferrer noopener nofollow\"><strong>Aqu\u00ed encuentras la entrada + audiogu\u00eda en espa\u00f1ol<\/strong><\/a><\/li>\n\n\n\n<li>\ud83d\udd52 <strong>Horarios<\/strong>: de marzo a octubre 9:00-21:00 \/ de noviembre a febrero 9:00-19:00<\/li>\n\n\n\n<li>\ud83d\udccd<strong>Ubicaci\u00f3n<\/strong>: R. de Santa Cruz do Castelo. <a href=\"https:\/\/maps.app.goo.gl\/v1UjnhJAMpTFpuBn6\" target=\"_blank\" rel=\"noreferrer noopener\">Maps<\/a><\/li>\n<\/ul>\n\n\n\n<h4 class=\"wp-block-heading\"><strong>Museu Nacional de Arte Antiga<\/strong><\/h4>\n\n\n\n<figure class=\"wp-block-image size-large\"><img loading=\"lazy\" decoding=\"async\" width=\"1024\" height=\"768\" src=\"https:\/\/nomadeculturale.com\/wp-content\/uploads\/2024\/01\/Museo-Nacional-de-Arte-Antiga-Lisboa-en-3-dias-1024x768.jpg\" alt=\"Museo Nacional de Arte Antiga, Lisboa en 3 dias\" class=\"wp-image-5682\" srcset=\"https:\/\/nomadeculturale.com\/wp-content\/uploads\/2024\/01\/Museo-Nacional-de-Arte-Antiga-Lisboa-en-3-dias-1024x768.jpg 1024w, https:\/\/nomadeculturale.com\/wp-content\/uploads\/2024\/01\/Museo-Nacional-de-Arte-Antiga-Lisboa-en-3-dias-300x225.jpg 300w, https:\/\/nomadeculturale.com\/wp-content\/uploads\/2024\/01\/Museo-Nacional-de-Arte-Antiga-Lisboa-en-3-dias-768x576.jpg 768w, https:\/\/nomadeculturale.com\/wp-content\/uploads\/2024\/01\/Museo-Nacional-de-Arte-Antiga-Lisboa-en-3-dias-1536x1152.jpg 1536w, https:\/\/nomadeculturale.com\/wp-content\/uploads\/2024\/01\/Museo-Nacional-de-Arte-Antiga-Lisboa-en-3-dias.jpg 1600w\" sizes=\"auto, (max-width: 1024px) 100vw, 1024px\" \/><\/figure>\n\n\n\n<p>Para la siguiente parada nos trasladamos al barrio de Alc\u00e2ntara, situado a unos kil\u00f3metros de nuestra posici\u00f3n (puedes tomar varios medios de transporte, incluyendo el tranv\u00eda 15 y el autob\u00fas 760).<\/p>\n\n\n\n<p>La atracci\u00f3n m\u00e1s importante del barrio es el <a href=\"https:\/\/www.tiqets.com\/es\/atracciones-lisboa-c76528\/entradas-para-national-museum-of-ancient-art-lisbon-p1037817\/?partner=nomadeculturale&amp;tq_campaign=nomade_lisboa_3dias\" target=\"_blank\" rel=\"noreferrer noopener nofollow\"><strong>Museu Nacional de Arte Antiga<\/strong><\/a>.<\/p>\n\n\n\n<p>Fundado en 1884, el museo est\u00e1 alojado en el Pal\u00e1cio de Alvor-Pombal, una hist\u00f3rica residencia nobiliaria a pocos pasos del r\u00edo Tajo.<\/p>\n\n\n\n<p>Para quien no lo sepa, se trata del museo de arte m\u00e1s importante de Portugal y alberga una vasta colecci\u00f3n que abarca desde la Edad Media hasta el siglo XIX.<\/p>\n\n\n\n<p><strong>\u00bfQu\u00e9 ver exactamente?<\/strong><\/p>\n\n\n\n<ul class=\"wp-block-list\">\n<li><strong>Gran colecci\u00f3n de Arte Europeo:<\/strong> La colecci\u00f3n incluye obras del Renacimiento, Barroco y Rococ\u00f3, entre ellas el c\u00e9lebre \u00abTr\u00edptico de las Tentaciones de San Antonio\u00bb de Hieronymus Bosch.<\/li>\n\n\n\n<li><strong>Much\u00edsimas pinturas:<\/strong> El museo alberga obras maestras de diversas escuelas, incluyendo la italiana, francesa, espa\u00f1ola, flamenca y portuguesa.<\/li>\n\n\n\n<li><strong>Esculturas:<\/strong> Una rica colecci\u00f3n de esculturas de artistas como Joaquim Machado de Castro y Rodin.<\/li>\n<\/ul>\n\n\n\n<p><strong>Informaci\u00f3n para la visita:<\/strong><\/p>\n\n\n\n<ul class=\"wp-block-list\">\n<li>\ud83c\udf9f\ufe0f <strong>Entradas<\/strong>: 15\u20ac adultos \/ gratis 0-12 (<a href=\"https:\/\/www.tiqets.com\/es\/atracciones-lisboa-c76528\/entradas-para-national-museum-of-ancient-art-lisbon-p1037817\/?partner=nomadeculturale&amp;tq_campaign=nomade_lisboa_3dias\" target=\"_blank\" rel=\"noreferrer noopener nofollow\"><strong>aqu\u00ed encuentras las entradas<\/strong><\/a>)<\/li>\n\n\n\n<li>\ud83d\udd52 <strong>Horarios<\/strong>: martes-domingo 10:00-18:00.<\/li>\n\n\n\n<li>\ud83d\udccd<strong>Ubicaci\u00f3n<\/strong>: R. das Janelas Verdes. <a href=\"https:\/\/maps.app.goo.gl\/2ucD57xYYjsLoHH58\" target=\"_blank\" rel=\"noreferrer noopener\">Maps<\/a><\/li>\n<\/ul>\n\n\n\n<h4 class=\"wp-block-heading\"><strong>Lx Factory<\/strong><\/h4>\n\n\n\n<figure class=\"wp-block-image size-large\"><img loading=\"lazy\" decoding=\"async\" width=\"1024\" height=\"768\" src=\"https:\/\/nomadeculturale.com\/wp-content\/uploads\/2024\/01\/LX-Factory-1-1024x768.jpg\" alt=\"LX Factory\" class=\"wp-image-5670\" srcset=\"https:\/\/nomadeculturale.com\/wp-content\/uploads\/2024\/01\/LX-Factory-1-1024x768.jpg 1024w, https:\/\/nomadeculturale.com\/wp-content\/uploads\/2024\/01\/LX-Factory-1-300x225.jpg 300w, https:\/\/nomadeculturale.com\/wp-content\/uploads\/2024\/01\/LX-Factory-1-768x576.jpg 768w, https:\/\/nomadeculturale.com\/wp-content\/uploads\/2024\/01\/LX-Factory-1-1536x1152.jpg 1536w, https:\/\/nomadeculturale.com\/wp-content\/uploads\/2024\/01\/LX-Factory-1.jpg 1600w\" sizes=\"auto, (max-width: 1024px) 100vw, 1024px\" \/><\/figure>\n\n\n\n<p>\u00bfQu\u00e9 ver en Lisboa en 3 d\u00edas? La \u00faltima atracci\u00f3n del barrio de Alc\u00e2ntara es la Lx Factory, situada cerca del Puente 25 de Abril.<\/p>\n\n\n\n<p>\u00bfDe qu\u00e9 se trata? Es un interesant\u00edsimo centro cultural y art\u00edstico, nacido en una antigua f\u00e1brica abandonada que data de 1800.<\/p>\n\n\n\n<p>Hoy el centro ocupa nada menos que 23.000 metros cuadrados y alberga empresas de comunicaci\u00f3n, estudios fotogr\u00e1ficos, bares, restaurantes, talleres y una famosa librer\u00eda.<\/p>\n\n\n\n<p>Entre las principales atracciones tenemos:<\/p>\n\n\n\n<ul class=\"wp-block-list\">\n<li><strong>LX Market:<\/strong> Un mercadillo que se celebra todos los domingos de 11:00 a 18:00 (\u00a1si est\u00e1s un domingo, date una vuelta!).<\/li>\n\n\n\n<li><strong>Librer\u00eda Ler Devagar:<\/strong> Situada en el edificio central, esta librer\u00eda, fundada en 1999, ofrece una amplia selecci\u00f3n de libros en diferentes idiomas y est\u00e1 considerada una de las 10 librer\u00edas m\u00e1s bonitas del mundo.<\/li>\n\n\n\n<li><strong>Tiendas de nicho:<\/strong> como por ejemplo Brandz que vende prendas de ropa sostenibles y de calidad, creadas por peque\u00f1os dise\u00f1adores locales, o Etnik Spring que vende prendas \u00e9tnicas, creadas por peque\u00f1os dise\u00f1adores tailandeses.<\/li>\n\n\n\n<li><strong>Muchos restaurantes:<\/strong> La Lx Factory alberga varios restaurantes como la Cantina LX que ofrece muchas opciones veganas (20-25\u20ac por persona) o Taberna 1300, un local decorado en estilo \u00abindustrial\u00bb con platos y tapas portuguesas revisadas en clave moderna (30-35\u20ac por persona).<\/li>\n<\/ul>\n\n\n<style>.kadence-column4668_3a1a56-c8 > .kt-inside-inner-col{padding-top:var(--global-kb-spacing-xs, 1rem);padding-right:var(--global-kb-spacing-xs, 1rem);padding-bottom:var(--global-kb-spacing-xs, 1rem);padding-left:var(--global-kb-spacing-xs, 1rem);}.kadence-column4668_3a1a56-c8 > .kt-inside-inner-col,.kadence-column4668_3a1a56-c8 > .kt-inside-inner-col:before{border-top-left-radius:0px;border-top-right-radius:0px;border-bottom-right-radius:0px;border-bottom-left-radius:0px;}.kadence-column4668_3a1a56-c8 > .kt-inside-inner-col{column-gap:var(--global-kb-gap-sm, 1rem);}.kadence-column4668_3a1a56-c8 > .kt-inside-inner-col{flex-direction:column;}.kadence-column4668_3a1a56-c8 > .kt-inside-inner-col > .aligncenter{width:100%;}.kadence-column4668_3a1a56-c8 > .kt-inside-inner-col{background-color:rgba(255, 188, 64, 0.15);}.kadence-column4668_3a1a56-c8 > .kt-inside-inner-col:before{opacity:0.3;}.kadence-column4668_3a1a56-c8{position:relative;}.kadence-column4668_3a1a56-c8, .kt-inside-inner-col > .kadence-column4668_3a1a56-c8:not(.specificity){margin-top:var(--global-kb-spacing-xxs, 0.5rem);margin-bottom:var(--global-kb-spacing-xs, 1rem);}@media all and (max-width: 1024px){.kadence-column4668_3a1a56-c8 > .kt-inside-inner-col{flex-direction:column;justify-content:center;}}@media all and (max-width: 767px){.kadence-column4668_3a1a56-c8 > .kt-inside-inner-col{flex-direction:column;justify-content:center;}}<\/style>\n<div class=\"wp-block-kadence-column kadence-column4668_3a1a56-c8\"><div class=\"kt-inside-inner-col\">\n<p class=\"has-medium-font-size\"><em><strong>Consejo del N\u00f3mada<\/strong>: visita el taller de Pietro Prosperio, un se\u00f1or de origen italiano que se entretiene creando espectaculares obras de ingenier\u00eda mec\u00e1nica a trav\u00e9s de materiales reciclados. Se encuentra en el piso m\u00e1s alto del edificio que alberga la librer\u00eda Ler Devagar.*<\/em><\/p>\n<\/div><\/div>\n\n\n\n<h4 class=\"wp-block-heading\"><strong>Timeout Market y Pink Street<\/strong><\/h4>\n\n\n\n<figure class=\"wp-block-image size-large\"><img loading=\"lazy\" decoding=\"async\" width=\"1024\" height=\"768\" src=\"https:\/\/nomadeculturale.com\/wp-content\/uploads\/2024\/01\/TimeOut-Maket-en-Lisboa-en-una-ruta-de-3-dias-1024x768.jpg\" alt=\"TimeOut Maket en Lisboa, en una ruta de 3 dias\" class=\"wp-image-5700\" srcset=\"https:\/\/nomadeculturale.com\/wp-content\/uploads\/2024\/01\/TimeOut-Maket-en-Lisboa-en-una-ruta-de-3-dias-1024x768.jpg 1024w, https:\/\/nomadeculturale.com\/wp-content\/uploads\/2024\/01\/TimeOut-Maket-en-Lisboa-en-una-ruta-de-3-dias-300x225.jpg 300w, https:\/\/nomadeculturale.com\/wp-content\/uploads\/2024\/01\/TimeOut-Maket-en-Lisboa-en-una-ruta-de-3-dias-768x576.jpg 768w, https:\/\/nomadeculturale.com\/wp-content\/uploads\/2024\/01\/TimeOut-Maket-en-Lisboa-en-una-ruta-de-3-dias-1536x1152.jpg 1536w, https:\/\/nomadeculturale.com\/wp-content\/uploads\/2024\/01\/TimeOut-Maket-en-Lisboa-en-una-ruta-de-3-dias.jpg 1600w\" sizes=\"auto, (max-width: 1024px) 100vw, 1024px\" \/><\/figure>\n\n\n\n<p>Finalmente, para concluir de la mejor manera este tercer d\u00eda en Lisboa, dir\u00edgete hacia el barrio de Cais do Sodr\u00e9.<\/p>\n\n\n\n<p>Si has decidido no quedarte a comer en la Lx Factory, visita el excelente Timeout Market.<\/p>\n\n\n\n<p>Situado en el Mercado da Ribeira, cerca de Cais do Sodr\u00e9, el Timeout Market es un \u00e1rea renovada que alberga una amplia selecci\u00f3n de puestos y peque\u00f1os restaurantes con cocina portuguesa, \u00e9tnica e internacional.<\/p>\n\n\n\n<p>Encuentras pr\u00e1cticamente de todo, desde dulces hasta sushi, desde comida turca hasta hamburguesas, e incluso croquetas de bacalao.<\/p>\n\n\n\n<p>Despu\u00e9s, dir\u00edgete hacia Pink Street, una de las zonas de vida nocturna m\u00e1s famosas de la capital. Aqu\u00ed, en cuanto a locales, tienes solo el problema de elegir.<\/p>\n\n\n\n<p>Te se\u00f1alo algunos en los que he tenido una buena experiencia:<\/p>\n\n\n\n<ul class=\"wp-block-list\">\n<li><strong>Bookstore Bar<\/strong>: una simp\u00e1tica librer\u00eda y bar, donde es posible tanto comer como beber, como comprar libros, todo a un precio relativamente bajo. Durante el happy hour tom\u00e9 una pinta de cerveza por 2,50\u20ac. \ud83d\udccd <a href=\"https:\/\/maps.app.goo.gl\/2z5dr426vf2Wo4Fk8\" target=\"_blank\" rel=\"noreferrer noopener\">Ubicaci\u00f3n<\/a><\/li>\n\n\n\n<li><strong>Pens\u00e3o Amor<\/strong>: un local muy particular, situado en un antiguo burdel. No en vano toda la decoraci\u00f3n recuerda un poco a un ambiente \u00abpicante\u00bb. Los c\u00f3cteles son fant\u00e1sticos. \ud83d\udccd <a href=\"https:\/\/maps.app.goo.gl\/Nw3XBkbHJsuRuR4d7\" target=\"_blank\" rel=\"noreferrer noopener\">Ubicaci\u00f3n<\/a><\/li>\n<\/ul>\n\n\n\n<h2 class=\"wp-block-heading\">Consejos <strong>para visitar Lisboa en 3 d\u00edas<\/strong><\/h2>\n\n\n\n<figure class=\"wp-block-image size-large\"><img loading=\"lazy\" decoding=\"async\" width=\"1024\" height=\"768\" src=\"https:\/\/nomadeculturale.com\/wp-content\/uploads\/2024\/01\/CONSEJOS-PARA-DISFRUTAR-DE-LISBOA-EN-3-DIAS-1024x768.jpg\" alt=\"CONSEJOS PARA DISFRUTAR DE LISBOA EN 3 D\u00cdAS\" class=\"wp-image-5661\" srcset=\"https:\/\/nomadeculturale.com\/wp-content\/uploads\/2024\/01\/CONSEJOS-PARA-DISFRUTAR-DE-LISBOA-EN-3-DIAS-1024x768.jpg 1024w, https:\/\/nomadeculturale.com\/wp-content\/uploads\/2024\/01\/CONSEJOS-PARA-DISFRUTAR-DE-LISBOA-EN-3-DIAS-300x225.jpg 300w, https:\/\/nomadeculturale.com\/wp-content\/uploads\/2024\/01\/CONSEJOS-PARA-DISFRUTAR-DE-LISBOA-EN-3-DIAS-768x576.jpg 768w, https:\/\/nomadeculturale.com\/wp-content\/uploads\/2024\/01\/CONSEJOS-PARA-DISFRUTAR-DE-LISBOA-EN-3-DIAS-1536x1152.jpg 1536w, https:\/\/nomadeculturale.com\/wp-content\/uploads\/2024\/01\/CONSEJOS-PARA-DISFRUTAR-DE-LISBOA-EN-3-DIAS.jpg 1600w\" sizes=\"auto, (max-width: 1024px) 100vw, 1024px\" \/><\/figure>\n\n\n\n<p>En esta secci\u00f3n veremos toda una serie de consejos \u00fatiles para planificar mejor tu viaje y\/o para ahorrar tiempo y dinero.<\/p>\n\n\n\n<h3 class=\"wp-block-heading\"><strong>No olvides la Lisboa Card<\/strong><\/h3>\n\n\n\n<p>El primer y m\u00e1s importante consejo que te doy es <a href=\"https:\/\/www.civitatis.com\/es\/lisboa\/lisboa-card\/?aid=13436&amp;cmp=nomade_lisboa_3dias_post\" target=\"_blank\" rel=\"noreferrer noopener nofollow\"><strong>adquirir la Lisboa Card<\/strong><\/a> antes de partir.<\/p>\n\n\n\n<p><em>\u00abAlex, \u00bfqu\u00e9 es exactamente esta Lisboa Card?\u00bb<\/em><\/p>\n\n\n\n<p>Se trata de un pase tur\u00edstico oficial que te permite tener una serie de ventajas.<\/p>\n\n\n\n<p>\u00bfCu\u00e1les?<\/p>\n\n\n\n<ul class=\"wp-block-list\">\n<li><strong>Acceder gratuitamente a m\u00e1s de 30 atracciones<\/strong>, incluidas muchas de las de nuestro itinerario, como por ejemplo la Torre de Bel\u00e9m, el Monasterio de los Jer\u00f3nimos y el Elevador de Santa Justa, solo por mencionar algunas.<\/li>\n\n\n\n<li><strong>Utilizar de forma ilimitada todos los transportes p\u00fablicos de la ciudad<\/strong>. Tranv\u00eda, metro, autob\u00fas, <em>ferries<\/em> e incluso los trenes a Sintra y Cascais (si decides ir).<\/li>\n\n\n\n<li>Acceder a muchas atracciones con <strong>fast track<\/strong>, evitando esperas innecesarias (y ahorrando mucho tiempo).<\/li>\n\n\n\n<li>Obtener descuentos en pr\u00e1cticamente todas las atracciones en las que no entras gratis (los descuentos van del 10% al 50%).<\/li>\n<\/ul>\n\n\n\n<p>La tarjeta tiene un costo a partir de 22\u20ac y puedes elegir la duraci\u00f3n que prefieras, que puede ser de 24, 48 o 72 horas.<\/p>\n\n\n\n<p>\u00bfD\u00f3nde adquirirla? Yo la compr\u00e9 <a href=\"https:\/\/www.civitatis.com\/es\/lisboa\/lisboa-card\/?aid=13436&amp;cmp=nomade_lisboa_3dias_post\" target=\"_blank\" rel=\"noreferrer noopener nofollow\"><strong>online en este sitio<\/strong><\/a>.<\/p>\n\n\n\n<h3 class=\"wp-block-heading\"><strong>\u00bfC\u00f3mo moverse por Lisboa en estos 3 d\u00edas?<\/strong><\/h3>\n\n\n\n<p>Como has visto, gracias a la Lisboa Card, puedes ahorrar en transporte p\u00fablico, evitando as\u00ed pagar 3\u20ac por un viaje en metro o incluso 5,80\u20ac por subir al Elevador de Santa Justa.<\/p>\n\n\n\n<p><em>\u00bfPero c\u00f3mo se mueve uno exactamente por la ciudad? \u00bfCu\u00e1les son los medios m\u00e1s \u00fatiles?<\/em><\/p>\n\n\n\n<ul class=\"wp-block-list\">\n<li><strong>Para llegar a Bel\u00e9m<\/strong>: toma el tranv\u00eda 15E desde Pra\u00e7a do Com\u00e9rcio o Pra\u00e7a da Figueira.<\/li>\n\n\n\n<li><strong>Para llegar al Parque das Na\u00e7oes<\/strong>: toma el metro l\u00ednea roja hasta la parada Oriente.<\/li>\n\n\n\n<li><strong>Para subir al barrio Bairro Alto<\/strong>: toma uno de los dos funiculares, \u00abElevador da Bica\u00bb (en Rua de S\u00e3o Paulo) o \u00abElevador da Gloria\u00bb (en Pra\u00e7a dos Restauradores).<\/li>\n\n\n\n<li><strong>Para llegar al centro desde el aeropuerto<\/strong>: puedes tomar el metro l\u00ednea roja hasta la parada de Alameda y luego cambiar a la verde y bajar en Rossio, Baixa-Chiado o Cais do Sodr\u00e9.<\/li>\n<\/ul>\n\n\n<style>.kadence-column4668_6d031e-ac > .kt-inside-inner-col{padding-top:var(--global-kb-spacing-xs, 1rem);padding-right:var(--global-kb-spacing-xs, 1rem);padding-bottom:var(--global-kb-spacing-xs, 1rem);padding-left:var(--global-kb-spacing-xs, 1rem);}.kadence-column4668_6d031e-ac > .kt-inside-inner-col,.kadence-column4668_6d031e-ac > .kt-inside-inner-col:before{border-top-left-radius:0px;border-top-right-radius:0px;border-bottom-right-radius:0px;border-bottom-left-radius:0px;}.kadence-column4668_6d031e-ac > .kt-inside-inner-col{column-gap:var(--global-kb-gap-sm, 1rem);}.kadence-column4668_6d031e-ac > .kt-inside-inner-col{flex-direction:column;}.kadence-column4668_6d031e-ac > .kt-inside-inner-col > .aligncenter{width:100%;}.kadence-column4668_6d031e-ac > .kt-inside-inner-col{background-color:rgba(255, 188, 64, 0.15);}.kadence-column4668_6d031e-ac > .kt-inside-inner-col:before{opacity:0.3;}.kadence-column4668_6d031e-ac{position:relative;}.kadence-column4668_6d031e-ac, .kt-inside-inner-col > .kadence-column4668_6d031e-ac:not(.specificity){margin-top:var(--global-kb-spacing-xxs, 0.5rem);margin-bottom:var(--global-kb-spacing-xs, 1rem);}@media all and (max-width: 1024px){.kadence-column4668_6d031e-ac > .kt-inside-inner-col{flex-direction:column;justify-content:center;}}@media all and (max-width: 767px){.kadence-column4668_6d031e-ac > .kt-inside-inner-col{flex-direction:column;justify-content:center;}}<\/style>\n<div class=\"wp-block-kadence-column kadence-column4668_6d031e-ac\"><div class=\"kt-inside-inner-col\">\n<p class=\"has-medium-font-size\"><strong>Consejo del N\u00f3mada<\/strong>: \u00bfquieres llegar a la ciudad desde el aeropuerto de la forma m\u00e1s c\u00f3moda posible? Te se\u00f1alo la posibilidad de reservar con antelaci\u00f3n un <a href=\"https:\/\/www.civitatis.com\/es\/lisboa\/traslados\/?aid=13436&amp;cmp=nomade_lisboa_3dias_post\" target=\"_blank\" rel=\"noreferrer noopener nofollow\"><strong>servicio de transfer privado<\/strong><\/a>.<\/p>\n\n\n\n<p><em>En pocas palabras, un conductor que te espera en el aeropuerto y te acompa\u00f1a (en un coche confortable) hasta tu hotel\/alojamiento.<\/em><\/p>\n\n\n\n<p class=\"has-medium-font-size\"><em>El servicio se puede <a href=\"https:\/\/www.civitatis.com\/es\/lisboa\/traslados\/?aid=13436&amp;cmp=nomade_lisboa_3dias_post\" target=\"_blank\" rel=\"noreferrer noopener nofollow\"><strong>reservar online en este sitio<\/strong><\/a>. Despu\u00e9s de la reserva, el conductor te contactar\u00e1 para acordar los horarios.<\/em><\/p>\n<\/div><\/div>\n\n\n\n<p><strong>Aqu\u00ed tienes una tabla con un pr\u00e1ctico resumen de c\u00f3mo moverse por Lisboa:<\/strong><\/p>\n\n\n\n<figure class=\"wp-block-table\"><table class=\"has-fixed-layout\"><thead><tr><th>Destino<\/th><th>Instrucciones<\/th><\/tr><\/thead><tbody><tr><td>Centro desde el aeropuerto<\/td><td>Metro l\u00ednea roja hasta Alameda, luego l\u00ednea verde y bajar en Rossio, Baixa-Chiado o Cais do Sodr\u00e9.<\/td><\/tr><tr><td>Bel\u00e9m<\/td><td>Tranv\u00eda 15E desde Pra\u00e7a do Com\u00e9rcio o Pra\u00e7a da Figueira.<\/td><\/tr><tr><td>Parque das Na\u00e7oes<\/td><td>Metro l\u00ednea roja hasta la parada Oriente.<\/td><\/tr><tr><td>Bairro Alto<\/td><td>&#8216;Elevador da Bica&#8217; (en Rua de S\u00e3o Paulo) o &#8216;Elevador da Gloria&#8217; (en Pra\u00e7a dos Restauradores).<\/td><\/tr><\/tbody><\/table><\/figure>\n\n\n\n<h3 class=\"wp-block-heading\">D\u00f3nde salir en Lisboa? Las mejores zonas para la vida nocturna<\/h3>\n\n\n\n<p>En esta secci\u00f3n te explicar\u00e9 cu\u00e1les son las principales zonas para <strong>salir por la noche en Lisboa<\/strong>.<\/p>\n\n\n\n<p>La zona m\u00e1s famosa es el <strong>Bairro Alto<\/strong>. Se trata del \u00e1rea con la mayor concentraci\u00f3n de bares en Lisboa. El ambiente es juvenil y un poco hippie, y los precios son medio-bajos.<\/p>\n\n\n\n<p>Otra zona famosa es <strong>Pink Street<\/strong>, situada en el barrio Cais do Sodr\u00e9. Generalmente se empieza la noche en el Bairro Alto y se termina en Pink Street.<\/p>\n\n\n\n<p>Otra zona interesante es <strong>Principe Real<\/strong>, que se encuentra a pocos pasos del Bairro Alto, pero el ambiente es diferente. Aqu\u00ed encuentras locales m\u00e1s elegantes y sofisticados, pero obviamente los precios son m\u00e1s altos.<\/p>\n\n\n\n<h3 class=\"wp-block-heading\"><strong>D\u00f3nde ir de compras durante un viaje a Lisboa<\/strong><\/h3>\n\n\n\n<p><em>\u00bfEst\u00e1s interesado en descubrir los mejores destinos para ir de compras en Lisboa?<\/em><\/p>\n\n\n\n<p>No te preocupes, en esta secci\u00f3n te explicar\u00e9 cu\u00e1les son <strong>las mejores tiendas y centros comerciales<\/strong>:<\/p>\n\n\n\n<ol class=\"wp-block-list\">\n<li><strong>A Vida Portuguesa<\/strong>: Esta famosa cadena de tiendas de souvenirs es reconocida en todo Portugal. Especializada en art\u00edculos t\u00edpicos portugueses, A Vida Portuguesa ofrece una amplia selecci\u00f3n de recuerdos \u00fanicos. Encontrar\u00e1s sus puntos de venta repartidos por Lisboa y otras ciudades portuguesas. \ud83d\udccd<a href=\"https:\/\/maps.app.goo.gl\/Lpw6ftrbPpXuAirz5\" target=\"_blank\" rel=\"noreferrer noopener\">Ubicaci\u00f3n<\/a>.<\/li>\n\n\n\n<li><strong>Amoreiras<\/strong>: Este gran centro comercial no solo ofrece una amplia gama de tiendas, sino que tambi\u00e9n cuenta con una espectacular terraza panor\u00e1mica con vistas de 360 grados (el acceso a la terraza es de pago). Aqu\u00ed podr\u00e1s encontrar algunas joyas raras, incluyendo tiendas t\u00edpicamente portuguesas. \ud83d\udccd<a href=\"https:\/\/maps.app.goo.gl\/qdpP4oBXMnX3raD49\" target=\"_blank\" rel=\"noreferrer noopener\">Ubicaci\u00f3n<\/a>.<\/li>\n\n\n\n<li><strong>Armaz\u00e9ns do Chiado<\/strong>: Situado en el coraz\u00f3n del barrio Chiado, este centro comercial de cinco pisos ofrece una variedad de tiendas para todos los gustos. \ud83d\udccd<a href=\"https:\/\/maps.app.goo.gl\/cW3ekWy3aipjnC2v8\" target=\"_blank\" rel=\"noreferrer noopener\">Ubicaci\u00f3n<\/a>.<\/li>\n\n\n\n<li><strong>Rua Augusta<\/strong>: la calle comercial m\u00e1s importante de Lisboa. Alberga tanto tiendas particulares como las grandes tiendas de Zara y similares. \ud83d\udccd<a href=\"https:\/\/maps.app.goo.gl\/82r2zpAn6bHb1dbH8\" target=\"_blank\" rel=\"noreferrer noopener\">Ubicaci\u00f3n<\/a>.<\/li>\n\n\n\n<li><strong>Rua Garrett<\/strong>: se encuentra en el barrio Chiado y alberga much\u00edsimas tiendas particulares. Encuentras, por ejemplo, la librer\u00eda m\u00e1s antigua del mundo (Livraria Bertrand). \ud83d\udccd<a href=\"https:\/\/maps.app.goo.gl\/JsZTkgRgiEFBazLv5\" target=\"_blank\" rel=\"noreferrer noopener\">Ubicaci\u00f3n<\/a>.<\/li>\n<\/ol>\n","protected":false},"excerpt":{"rendered":"<p>Itinerario detallado para visitar Lisboa en 3 d\u00edas. Escrito por alguien que ha vivido en Lisboa. Con mapas y consejos.<\/p>\n","protected":false},"author":1,"featured_media":5694,"comment_status":"open","ping_status":"open","sticky":false,"template":"","format":"standard","meta":{"_editorskit_title_hidden":false,"_editorskit_reading_time":0,"_editorskit_is_block_options_detached":false,"_editorskit_block_options_position":"{}","_kad_blocks_custom_css":"","_kad_blocks_head_custom_js":"","_kad_blocks_body_custom_js":"","_kad_blocks_footer_custom_js":"","_kadence_starter_templates_imported_post":false,"_kad_post_transparent":"","_kad_post_title":"","_kad_post_layout":"","_kad_post_sidebar_id":"","_kad_post_content_style":"","_kad_post_vertical_padding":"","_kad_post_feature":"","_kad_post_feature_position":"","_kad_post_header":false,"_kad_post_footer":false,"footnotes":""},"categories":[324,325],"tags":[],"class_list":["post-4668","post","type-post","status-publish","format-standard","has-post-thumbnail","hentry","category-lisboa","category-portugal"],"taxonomy_info":{"category":[{"value":324,"label":"Lisboa"},{"value":325,"label":"Portugal"}]},"featured_image_src_large":["https:\/\/nomadeculturale.com\/wp-content\/uploads\/2024\/01\/Que-ver-en-Lisboa-en-3-dias-1024x768.jpg",1024,768,true],"author_info":{"display_name":"Alex Bulla","author_link":"https:\/\/nomadeculturale.com\/es\/author\/alex_viaggiatore_culturale\/"},"comment_info":0,"category_info":[{"term_id":324,"name":"Lisboa","slug":"lisboa","term_group":0,"term_taxonomy_id":324,"taxonomy":"category","description":"","parent":0,"count":27,"filter":"raw","cat_ID":324,"category_count":27,"category_description":"","cat_name":"Lisboa","category_nicename":"lisboa","category_parent":0},{"term_id":325,"name":"Portugal","slug":"portugal","term_group":0,"term_taxonomy_id":325,"taxonomy":"category","description":"","parent":0,"count":24,"filter":"raw","cat_ID":325,"category_count":24,"category_description":"","cat_name":"Portugal","category_nicename":"portugal","category_parent":0}],"tag_info":false,"_links":{"self":[{"href":"https:\/\/nomadeculturale.com\/es\/wp-json\/wp\/v2\/posts\/4668","targetHints":{"allow":["GET"]}}],"collection":[{"href":"https:\/\/nomadeculturale.com\/es\/wp-json\/wp\/v2\/posts"}],"about":[{"href":"https:\/\/nomadeculturale.com\/es\/wp-json\/wp\/v2\/types\/post"}],"author":[{"embeddable":true,"href":"https:\/\/nomadeculturale.com\/es\/wp-json\/wp\/v2\/users\/1"}],"replies":[{"embeddable":true,"href":"https:\/\/nomadeculturale.com\/es\/wp-json\/wp\/v2\/comments?post=4668"}],"version-history":[{"count":14,"href":"https:\/\/nomadeculturale.com\/es\/wp-json\/wp\/v2\/posts\/4668\/revisions"}],"predecessor-version":[{"id":5719,"href":"https:\/\/nomadeculturale.com\/es\/wp-json\/wp\/v2\/posts\/4668\/revisions\/5719"}],"wp:featuredmedia":[{"embeddable":true,"href":"https:\/\/nomadeculturale.com\/es\/wp-json\/wp\/v2\/media\/5694"}],"wp:attachment":[{"href":"https:\/\/nomadeculturale.com\/es\/wp-json\/wp\/v2\/media?parent=4668"}],"wp:term":[{"taxonomy":"category","embeddable":true,"href":"https:\/\/nomadeculturale.com\/es\/wp-json\/wp\/v2\/categories?post=4668"},{"taxonomy":"post_tag","embeddable":true,"href":"https:\/\/nomadeculturale.com\/es\/wp-json\/wp\/v2\/tags?post=4668"}],"curies":[{"name":"wp","href":"https:\/\/api.w.org\/{rel}","templated":true}]}}